{"id":24603,"date":"2018-04-22T08:31:46","date_gmt":"2018-04-22T06:31:46","guid":{"rendered":"https:\/\/mlz.frystacko.cz\/?p=24603"},"modified":"2018-04-24T10:51:56","modified_gmt":"2018-04-24T08:51:56","slug":"toz-dobre-to-bylo-v-patek-v-sobotu-aj-v-nedelu","status":"publish","type":"post","link":"https:\/\/mlz.frystacko.cz\/?p=24603","title":{"rendered":"To\u017e, dobr\u00e9 to bylo v p\u00e1tek, v sobotu aj v ned\u011blu"},"content":{"rendered":"<p><img loading=\"lazy\" decoding=\"async\" class=\"alignleft size-thumbnail wp-image-24607\" src=\"https:\/\/mlz.frystacko.cz\/wp-uploads\/2018\/04\/P1030770_res30-100x56.jpg\" alt=\"\" width=\"100\" height=\"56\" srcset=\"https:\/\/mlz.frystacko.cz\/wp-uploads\/2018\/04\/P1030770_res30-100x56.jpg 100w, https:\/\/mlz.frystacko.cz\/wp-uploads\/2018\/04\/P1030770_res30-300x169.jpg 300w, https:\/\/mlz.frystacko.cz\/wp-uploads\/2018\/04\/P1030770_res30-768x432.jpg 768w, https:\/\/mlz.frystacko.cz\/wp-uploads\/2018\/04\/P1030770_res30-1024x576.jpg 1024w, https:\/\/mlz.frystacko.cz\/wp-uploads\/2018\/04\/P1030770_res30.jpg 1200w\" sizes=\"auto, (max-width: 100px) 100vw, 100px\" \/>V\u00edkendov\u00e9 po\u010das\u00ed bylo l\u00e9tav\u00e9 a bylo slune\u010dn\u00e9.<\/p>\n<p><!--more--><\/p>\n<p>&nbsp;<\/p>\n<p><strong>P\u00c1TEK<\/strong><\/p>\n<p>&#8230; emocion\u00e1ln\u00edm vrcholem p\u00e1te\u010dn\u00edho podve\u010dern\u00edho l\u00e9t\u00e1n\u00ed byl z\u00e1let Proximy II. Nebyl jsem u toho, ale je\u0161t\u011b v sobotu do ve\u010dera se o tom na leti\u0161ti mluvilo. O co \u0161lo? Bazarov\u00e1 Proxima m\u011bla poprv\u00e9 let\u011bt. A m\u011blo se rozhodnout, kdo bude jej\u00edm nov\u00fdm majitelem. P\u0159\u00edprava ke vzletu: Jirka Hrube\u0161 se ujal (byl ujat) k p\u00edp\u00e1n\u00ed modelu do Aur\u00f3ry, potom byl ujat i ke vzletu, vzlet s motorem se jevil b\u00fdti uspokojiv\u00fdm. Jak u\u017e to tak b\u00fdv\u00e1 u v\u011btro\u0148\u016f, i kdy\u017e jsou osazeny motorem, tak p\u0159ece jen jsou ur\u010deny k bezmotorov\u00e9mu letu. Tak\u017ee, plyn st\u00e1hnout &#8230; a tady se projevila z\u00e1hadn\u00e1 souvzta\u017enost mezi plynovou p\u00e1kou a Jirkovou muskulaturou. Jakmile st\u00e1hl plyn, tak se mu fest sev\u0159ely p\u016flky. \u017de by chyba, \u010di snad z\u00e1m\u011br p\u0159i programov\u00e1n\u00ed modelu do r\u00e1dia? Proxima m\u011bla (jemn\u011b \u0159e\u010deno) nestandardn\u00ed letov\u00fd projev. Padalo to tu po jednom, tu po druh\u00e9m k\u0159\u00eddle, let\u011blo to hrbat\u011b, chovalo se to divn\u011b. S vyp\u011bt\u00edm v\u0161ech sil a neust\u00e1l\u00fdm, le\u010d excelentn\u00edm mot\u00e1n\u00edm v\u0161emi p\u00e1\u010dkami do zat\u00e1\u010dky se Jirkovi poda\u0159ilo dostat model na zem. Teori\u00ed o p\u0159\u00ed\u010din\u011b takto podivn\u00fdch letov\u00fdch vlastnost\u00ed pr\u00fd zazn\u011blo hodn\u011b a jejich n\u00e1zorov\u00fd rozptyl by se dal snad vyj\u00e1d\u0159it i takto -100\/+100.<\/p>\n<hr \/>\n<p><strong>SOBOTA<\/strong><\/p>\n<p>V sobotu se l\u00e9talo a l\u00e9talo, od poob\u011bd\u00ed a\u017e do soumraku. Vr\u010dely spalov\u00e1ky, \u0161ustily elektry a nesly\u0161n\u011b l\u00e9taly v\u011btron\u011b. To\u017e, t\u011b\u017ek\u00e1 pohoda. Pravda, jen do okam\u017eiku, ne\u017e se za\u010dala nave\u010der op\u011bt \u0159e\u0161it Proxima. Na lodi m\u00e1 hlavn\u00ed slovo kapit\u00e1n, v aut\u011b \u0159idi\u010d a u \u0159\u00edzen\u00ed RC model\u016f ten, kdo kvrdl\u00e1 p\u00e1\u010dkama. Pokra\u010duj\u00edc\u00ed n\u00e1zorovou r\u016fznorodost k letov\u00fdm projev\u016fm a z toho vypl\u00fdvaj\u00edc\u00edch n\u00e1pravn\u00fdch opat\u0159en\u00ed stejn\u011b rozhodl Jirka, proto\u017ee jedin\u011b on to \u0159\u00eddil a \u0159\u00eddit m\u011bl i tentokr\u00e1t. Provedl zm\u011bny v nastaven\u00ed, ust\u00e1l diskuzi a odhodlan\u011b se postavil na start.<img loading=\"lazy\" decoding=\"async\" class=\"alignleft size-medium wp-image-24660\" src=\"https:\/\/mlz.frystacko.cz\/wp-uploads\/2018\/04\/P1030808_res30-300x169.jpg\" alt=\"\" width=\"300\" height=\"169\" srcset=\"https:\/\/mlz.frystacko.cz\/wp-uploads\/2018\/04\/P1030808_res30-300x169.jpg 300w, https:\/\/mlz.frystacko.cz\/wp-uploads\/2018\/04\/P1030808_res30-100x56.jpg 100w, https:\/\/mlz.frystacko.cz\/wp-uploads\/2018\/04\/P1030808_res30-768x432.jpg 768w, https:\/\/mlz.frystacko.cz\/wp-uploads\/2018\/04\/P1030808_res30-1024x576.jpg 1024w, https:\/\/mlz.frystacko.cz\/wp-uploads\/2018\/04\/P1030808_res30.jpg 1200w\" sizes=\"auto, (max-width: 300px) 100vw, 300px\" \/>\u00a0 A jak se to projevilo na letov\u00fdch vlastnostech? Za\u010dalo to l\u00e9tat i p\u0159ist\u00e1vat slu\u0161n\u011b. Tak\u017ee kdy\u017e se vy\u0159e\u0161ilo nab\u00edjen\u00ed pohonn\u00e9 baterie, tak se k letu dostal i druh\u00fd Jirka &#8211; novomajitel a toho to za\u010dalo bavit tak, \u017ee ani necht\u011bl p\u0159ist\u00e1t. A kdy\u017e u\u017e p\u0159ist\u00e1val, tak s t\u00edm kr\u00e1sn\u011b doklouzal a jemn\u011b dosedl na plochu. Nouz\u00e1ky do pole se nekonaly.<\/p>\n<p>V podve\u010der se u\u017e vzduch docela uklidnil, ale odpoledne byly poryvy nep\u0159\u00e1telsky nalad\u011bny lehk\u00fdm EPP\u00e1k\u016f.<\/p>\n<p>V Hole\u0161ov\u011b prob\u00edhala akce ,,Otev\u00edr\u00e1n\u00ed nebe&#8220;. V brzk\u00e9m odpoledni z tama (JAZYKOV\u00c9 OK\u00c9NKO\/\/moravsk\u00e9 p\u0159\u00edslove\u010dn\u00e9 ur\u010den\u00ed m\u00edsta: hen, to\u010f, z tama\/ztama) p\u0159ivezl p\u00e1r vjem\u016f a pod\u011blil se s n\u00e1mi o n\u011b Ale\u0161. T\u00edm nejz\u00e1sadn\u011bj\u0161\u00edm a nejm\u00e9n\u011b o\u010dek\u00e1van\u00fdm bylo, \u017ee v Hole\u0161ov\u011b fouk\u00e1 m\u00e9n\u011b jak na \u017dab\u00e1rn\u011b. A t\u00edm druh\u00fdm, kdo n\u00e1s v podve\u010der informoval, byl motork\u00e1\u0159 Radek ( &#8230;. a m\u011bl zaj\u00edmav\u00e9 historky).<\/p>\n<p>P\u0159ed osmou ve\u010dern\u00ed jsme u\u017e byli v\u0161ichni dostate\u010dn\u011b vyl\u00e9tan\u00ed, vypov\u00eddan\u00ed, op\u00e1len\u00ed, \u017e\u00edzniv\u00ed, hladov\u00ed a spokojen\u00ed, tak\u017ee jsme se rozjeli do sv\u00fdch domov\u016f. A jak jsme sobotn\u00ed l\u00e9t\u00e1n\u00ed uzav\u0159eli? No p\u0159ece: ,,z\u00edtra zas(e)!&#8220;<\/p>\n<p>Video:<\/p>\n<h4><a href=\"https:\/\/www.youtube.com\/watch?v=MmfGPWwx688\">MLZ: sobotn\u00ed l\u00e9t\u00e1n\u00ed #1 \/\/ 21.4.2018<\/a><\/h4>\n<h4 class=\"title style-scope ytd-video-primary-info-renderer\"><a href=\"https:\/\/www.youtube.com\/watch?v=XRje8htVk-U\">MLZ: sobotn\u00ed l\u00e9t\u00e1n\u00ed #2 \/\/ 21.4.2018<\/a><\/h4>\n<h4 class=\"title style-scope ytd-video-primary-info-renderer\"><a href=\"https:\/\/www.youtube.com\/watch?v=c-glJ92CHbI\">MLZ: sobotn\u00ed l\u00e9t\u00e1n\u00ed #3 \/\/ 21.4.2018<\/a><\/h4>\n<h4><a href=\"https:\/\/www.youtube.com\/watch?v=H-KH60fcNQ4\">MLZ: sobotn\u00ed l\u00e9t\u00e1n\u00ed #4 \/\/ 21.4.2018<\/a><\/h4>\n<hr \/>\n<p><strong>NED\u011aLE<\/strong><\/p>\n<p>Je ned\u011ble r\u00e1no, p\u00ed\u0161u \u010dl\u00e1nek, t\u0159\u00edd\u00edm fotky, \u010dek\u00e1 m\u011b st\u0159\u00edh\u00e1n\u00ed vide\u00ed a je\u0161t\u011b nev\u00edm, jak se l\u00e9talo v ned\u011bli. Tak\u017ee jestli jsi se pustil do \u010dten\u00ed je\u0161t\u011b p\u0159ed ob\u011bdem, tak si rad\u011bji sbal v\u011bci, \u00e9ra a dobrou n\u00e1ladu a p\u0159ije\u010f si zal\u00e9tat. Je minim\u00e1ln\u011b 1.000x<sup>n<\/sup> lep\u0161\u00ed b\u00fdt u toho, ne\u017e si o tom jenom \u010d\u00edst.<\/p>\n<p>&#8230; u\u017e je ned\u011ble ve\u010der a u\u017e v\u00edm, jak to dnes odpoledne vypadalo na \u017dab\u00e1rn\u011b.<\/p>\n<p>L\u00e9talo se, l\u00e9talo a nic se nepol\u00e1malo. Honza Hladi\u0161 vyv\u011btral po del\u0161\u00ed dob\u011b Ventuse. Ventusovi se ven\u010den\u00ed zal\u00edbilo a pr\u00fd by r\u00e1d na oblohu \u010dast\u011bji. Prosl\u00fdch\u00e1 se, \u0161ept\u00e1 se, \u017ee by se\u00a0 to snad mohlo poda\u0159it.<\/p>\n<p>Z fotek je vid\u011bt, kdo \u017ee to dnes p\u0159ijel na leti\u0161t\u011b na n\u00e1v\u0161t\u011bvu a na kus \u0159e\u010di. To\u017e jak\u00e9 pak velk\u00e9 rozepisov\u00e1n\u00ed se, \u017ee.<\/p>\n<p>Video:<\/p>\n<h4 class=\"title style-scope ytd-video-primary-info-renderer\"><a href=\"https:\/\/www.youtube.com\/watch?v=JHAuPbdyxlY\">MLZ: ned\u011bln\u00ed l\u00e9t\u00e1n\u00ed #1 RC Ventus \/\/ 22.4.2018<\/a><\/h4>\n<h4 class=\"title style-scope ytd-video-primary-info-renderer\"><a href=\"https:\/\/www.youtube.com\/watch?v=d60P-n8Xpi4\">MLZ: ned\u011bln\u00ed l\u00e9t\u00e1n\u00ed #2 RC Orl\u00edk \/\/ 22.4.2018<\/a><\/h4>\n<h4 class=\"title style-scope ytd-video-primary-info-renderer\"><a href=\"https:\/\/www.youtube.com\/watch?v=9WSZVrZTLZ4\">MLZ: ned\u011bln\u00ed l\u00e9t\u00e1n\u00ed #3 \/\/ 22.4.2018<\/a><\/h4>\n<h4><a href=\"https:\/\/www.youtube.com\/watch?v=XcMMDE25Cd8\">MLZ: ned\u011bln\u00ed l\u00e9t\u00e1n\u00ed #4 \/\/ 22.4.2018<\/a><\/h4>\n<p>&nbsp;<\/p>\n<p><span style=\"color: #ff0000\"><em><strong>: ,,\u00a0To\u017e, dobr\u00e9 to bylo v p\u00e1tek, v sobotu aj v ned\u011blu&#8220;<\/strong><\/em><\/span><\/p>\n<p>&nbsp;<\/p>\n<p>&nbsp;<\/p>\n<p>&nbsp;<\/p>\n","protected":false},"excerpt":{"rendered":"<p>V\u00edkendov\u00e9 po\u010das\u00ed bylo l\u00e9tav\u00e9 a bylo slune\u010dn\u00e9.<\/p>\n","protected":false},"author":13,"featured_media":0,"comment_status":"open","ping_status":"closed","sticky":false,"template":"","format":"standard","meta":{"footnotes":""},"categories":[18],"tags":[],"class_list":["post-24603","post","type-post","status-publish","format-standard","hentry","category-provoz-na-letisti"],"_links":{"self":[{"href":"https:\/\/mlz.frystacko.cz\/index.php?rest_route=\/wp\/v2\/posts\/24603","targetHints":{"allow":["GET"]}}],"collection":[{"href":"https:\/\/mlz.frystacko.cz\/index.php?rest_route=\/wp\/v2\/posts"}],"about":[{"href":"https:\/\/mlz.frystacko.cz\/index.php?rest_route=\/wp\/v2\/types\/post"}],"author":[{"embeddable":true,"href":"https:\/\/mlz.frystacko.cz\/index.php?rest_route=\/wp\/v2\/users\/13"}],"replies":[{"embeddable":true,"href":"https:\/\/mlz.frystacko.cz\/index.php?rest_route=%2Fwp%2Fv2%2Fcomments&post=24603"}],"version-history":[{"count":31,"href":"https:\/\/mlz.frystacko.cz\/index.php?rest_route=\/wp\/v2\/posts\/24603\/revisions"}],"predecessor-version":[{"id":24784,"href":"https:\/\/mlz.frystacko.cz\/index.php?rest_route=\/wp\/v2\/posts\/24603\/revisions\/24784"}],"wp:attachment":[{"href":"https:\/\/mlz.frystacko.cz\/index.php?rest_route=%2Fwp%2Fv2%2Fmedia&parent=24603"}],"wp:term":[{"taxonomy":"category","embeddable":true,"href":"https:\/\/mlz.frystacko.cz\/index.php?rest_route=%2Fwp%2Fv2%2Fcategories&post=24603"},{"taxonomy":"post_tag","embeddable":true,"href":"https:\/\/mlz.frystacko.cz\/index.php?rest_route=%2Fwp%2Fv2%2Ftags&post=24603"}],"curies":[{"name":"wp","href":"https:\/\/api.w.org\/{rel}","templated":true}]}}