{"id":24858,"date":"2018-05-05T22:39:44","date_gmt":"2018-05-05T20:39:44","guid":{"rendered":"https:\/\/mlz.frystacko.cz\/?p=24858"},"modified":"2018-05-06T22:41:00","modified_gmt":"2018-05-06T20:41:00","slug":"ratibor-9","status":"publish","type":"post","link":"https:\/\/mlz.frystacko.cz\/?p=24858","title":{"rendered":"Ratibo\u0159&#8230; 2x :-)"},"content":{"rendered":"<p><img loading=\"lazy\" decoding=\"async\" class=\"alignleft size-thumbnail wp-image-24893\" src=\"https:\/\/mlz.frystacko.cz\/wp-uploads\/2018\/05\/zm.IMG_7926-100x67.jpg\" alt=\"\" width=\"100\" height=\"67\" srcset=\"https:\/\/mlz.frystacko.cz\/wp-uploads\/2018\/05\/zm.IMG_7926-100x67.jpg 100w, https:\/\/mlz.frystacko.cz\/wp-uploads\/2018\/05\/zm.IMG_7926-300x200.jpg 300w, https:\/\/mlz.frystacko.cz\/wp-uploads\/2018\/05\/zm.IMG_7926-768x512.jpg 768w, https:\/\/mlz.frystacko.cz\/wp-uploads\/2018\/05\/zm.IMG_7926-1024x683.jpg 1024w, https:\/\/mlz.frystacko.cz\/wp-uploads\/2018\/05\/zm.IMG_7926.jpg 1200w\" sizes=\"auto, (max-width: 100px) 100vw, 100px\" \/>Od p\u00e1tku a\u017e do pond\u011blka slibovali severo-v\u00fdchod nemal\u00e9 s\u00edly, tak\u017ee sem se t\u011b\u0161il jak to mal\u00e9 d\u011bcko. \ud83d\ude42 St\u0159\u00eddav\u011b k tomu v\u011b\u0161tili zata\u017eeno a\u017e jasno, a k na\u0161\u00ed radosti se to druh\u00e9 uk\u00e1zalo b\u00fdt nakonec pravda. \ud83d\ude42<\/p>\n<p>Edit: Ned\u011ble byla l\u00e9tateln\u00e1 \u00fapln\u011b stejn\u011b par\u00e1dn\u011b&#8230;. dosypal sem fotky \ud83d\ude42<\/p>\n<p><!--more-->Lubo\u0161 mne nalo\u017eil kolem poledne. Vzal sem si Dingo\u0161a. On m\u011bl v kufru S\u00edria a Fosu&#8230;. a nab\u00edje\u010dku, olov\u011bnou baterku a v\u016fbec hromadu proviantu&#8230; a to v\u0161e skute\u010dn\u011b vy\u0161tragal na kopec. \ud83d\ude42<\/p>\n<p>R\u00e1noo jsem zjistil, \u017ee mi v po\u010d\u00edta\u010di z\u016fstala kamar\u00e1dova SD karta z fo\u0165\u00e1ku&#8230;. hm. Jak sem se nasm\u00e1l, kdy\u017e sem na kopci zjistil, \u017ee i z moj\u00ed zrcadlovky sem si doma karu vyt\u00e1hl. <img src=\"https:\/\/mlz.frystacko.cz\/wp-includes\/images\/smilies\/mrgreen.png\" alt=\":mrgreen:\" class=\"wp-smiley\" style=\"height: 1em; max-height: 1em;\" \/> Na\u0161t\u011bst\u00ed sem m\u011bl je\u0161t\u011b ozemboucha, kde byla stejn\u00e1. \ud83d\ude42<\/p>\n<p>Foukalo akor\u00e1t. (n\u011bkdy 5, n\u011bkdy 8, ob\u010das 12&#8230;) P\u0159ist\u00e1valo se r\u016fzn\u011b a celkem pohodln\u011b. Nosilo to dob\u0159e skoro v\u0161ude, kdy\u017e ne tak aspo\u0148 u svahu. Po chv\u00edli se uk\u00e1zal David a pozd\u011bj dal\u0161\u00ed kluci (Kel\u010d, Zub\u0159\u00ed&#8230;). Vlezli sme se. Ve vzduchu se ob\u010das motali ii4 a nep\u0159ek\u00e1\u017eeli si. \ud83d\ude42 Pot\u011b\u0161il mne klu\u010dina s Proximou.\u00a0 Ale m\u011bl ji podez\u0159ele \u010distou a neotlu\u010denou. <img src=\"https:\/\/mlz.frystacko.cz\/wp-includes\/images\/smilies\/mrgreen.png\" alt=\":mrgreen:\" class=\"wp-smiley\" style=\"height: 1em; max-height: 1em;\" \/><\/p>\n<p>Pod kopcem se postupn\u011b vytvo\u0159ila skupinka lid\u00ed a po sl\u00e9ze se jali zvedat (asi) m\u00e1jku&#8230; Nev\u00edm, jestli to m\u011blo b\u00fdt tak ohnut\u00e9, ale t\u0159eba jo. \ud83d\ude42 Tomu s\u00e1m nerozum\u00edm. \ud83d\ude42<\/p>\n<p>S vlakem bohu\u017eel nebyl \u00fasp\u011bch, by\u0165 byl kr\u00e1sn\u011b vid\u011bt. Ale v\u011bt\u0161inou v okam\u017eiku, kdy nem\u011bl kdo p\u00f3zovat. :\/<\/p>\n<p>Poprv\u00e9 sem s Fosou p\u0159ist\u00e1val j\u00e1, ale p\u0159i druh\u00e9m letu si Lubo\u0161 s\u00e1m i p\u0159ist\u00e1l. Dal p\u0159ed t\u00edm dva pokusy nane\u010disto, aby si ud\u011blal p\u0159edstavu. V\u00fdsledek byl slu\u0161n\u00fd a \u0161etrn\u00fd. Brzdy jsou prima v\u011bc. Tak\u017ee gratuluji. \ud83d\ude42<\/p>\n<p>Jak sme se postupn\u011b trousili na svah, tak sme (v opa\u010dn\u00e9m po\u0159ad\u00ed) zase balili. S Lubo\u0161em sme to zapichli n\u011bkdy kolem p\u016fl na 8. Prima odpoledne. \ud83d\ude42<\/p>\n<p><a href=\"https:\/\/mlz.frystacko.cz\/wp-uploads\/2018\/05\/20180505-Ratibor.jpg\" target=\"_blank\" rel=\"noopener\"><img loading=\"lazy\" decoding=\"async\" class=\"aligncenter wp-image-24930 size-large\" src=\"https:\/\/mlz.frystacko.cz\/wp-uploads\/2018\/05\/20180505-Ratibor-1024x250.jpg\" alt=\"\" width=\"640\" height=\"156\" srcset=\"https:\/\/mlz.frystacko.cz\/wp-uploads\/2018\/05\/20180505-Ratibor-1024x250.jpg 1024w, https:\/\/mlz.frystacko.cz\/wp-uploads\/2018\/05\/20180505-Ratibor-100x24.jpg 100w, https:\/\/mlz.frystacko.cz\/wp-uploads\/2018\/05\/20180505-Ratibor-300x73.jpg 300w, https:\/\/mlz.frystacko.cz\/wp-uploads\/2018\/05\/20180505-Ratibor-768x188.jpg 768w\" sizes=\"auto, (max-width: 640px) 100vw, 640px\" \/><\/a><\/p>\n<hr \/>\n<p>Edit: V ned\u011blu sme se taky se\u0161li. Po\u010det stejn\u00fd jen m\u00edsto Davida p\u0159ijel Petr. V\u011btr foukal, slun\u00ed\u010dko h\u0159\u00e1lo tak akor\u00e1t, l\u00e9talo se, kecalo se, dob\u0159e n\u00e1m bylo. Nasypal sem do galerie dal\u0161\u00ed fotky. A\u0165 m\u00e1te motivaci pro p\u0159\u00ed\u0161t\u011b. \ud83d\ude42<\/p>\n","protected":false},"excerpt":{"rendered":"<p>Od p\u00e1tku a\u017e do pond\u011blka slibovali severo-v\u00fdchod nemal\u00e9 s\u00edly, tak\u017ee sem se t\u011b\u0161il jak to mal\u00e9 d\u011bcko. \ud83d\ude42 St\u0159\u00eddav\u011b k tomu v\u011b\u0161tili zata\u017eeno a\u017e jasno, a k na\u0161\u00ed radosti se to druh\u00e9 uk\u00e1zalo b\u00fdt nakonec pravda. \ud83d\ude42 Edit: Ned\u011ble byla &hellip; <a href=\"https:\/\/mlz.frystacko.cz\/?p=24858\">Continue reading <span class=\"meta-nav\">&rarr;<\/span><\/a><\/p>\n","protected":false},"author":3,"featured_media":0,"comment_status":"open","ping_status":"closed","sticky":false,"template":"","format":"standard","meta":{"footnotes":""},"categories":[21],"tags":[],"class_list":["post-24858","post","type-post","status-publish","format-standard","hentry","category-svah"],"_links":{"self":[{"href":"https:\/\/mlz.frystacko.cz\/index.php?rest_route=\/wp\/v2\/posts\/24858","targetHints":{"allow":["GET"]}}],"collection":[{"href":"https:\/\/mlz.frystacko.cz\/index.php?rest_route=\/wp\/v2\/posts"}],"about":[{"href":"https:\/\/mlz.frystacko.cz\/index.php?rest_route=\/wp\/v2\/types\/post"}],"author":[{"embeddable":true,"href":"https:\/\/mlz.frystacko.cz\/index.php?rest_route=\/wp\/v2\/users\/3"}],"replies":[{"embeddable":true,"href":"https:\/\/mlz.frystacko.cz\/index.php?rest_route=%2Fwp%2Fv2%2Fcomments&post=24858"}],"version-history":[{"count":6,"href":"https:\/\/mlz.frystacko.cz\/index.php?rest_route=\/wp\/v2\/posts\/24858\/revisions"}],"predecessor-version":[{"id":25012,"href":"https:\/\/mlz.frystacko.cz\/index.php?rest_route=\/wp\/v2\/posts\/24858\/revisions\/25012"}],"wp:attachment":[{"href":"https:\/\/mlz.frystacko.cz\/index.php?rest_route=%2Fwp%2Fv2%2Fmedia&parent=24858"}],"wp:term":[{"taxonomy":"category","embeddable":true,"href":"https:\/\/mlz.frystacko.cz\/index.php?rest_route=%2Fwp%2Fv2%2Fcategories&post=24858"},{"taxonomy":"post_tag","embeddable":true,"href":"https:\/\/mlz.frystacko.cz\/index.php?rest_route=%2Fwp%2Fv2%2Ftags&post=24858"}],"curies":[{"name":"wp","href":"https:\/\/api.w.org\/{rel}","templated":true}]}}