{"id":26356,"date":"2018-08-21T14:20:58","date_gmt":"2018-08-21T12:20:58","guid":{"rendered":"https:\/\/mlz.frystacko.cz\/?p=26356"},"modified":"2018-08-21T14:20:58","modified_gmt":"2018-08-21T12:20:58","slug":"nedelni-odpoledne-5","status":"publish","type":"post","link":"https:\/\/mlz.frystacko.cz\/?p=26356","title":{"rendered":"Ned\u011bln\u00ed odpoledne&#8230;"},"content":{"rendered":"<p><img loading=\"lazy\" decoding=\"async\" class=\"alignleft size-thumbnail wp-image-26379\" src=\"https:\/\/mlz.frystacko.cz\/wp-uploads\/2018\/08\/zm.IMG_2782-100x67.jpg\" alt=\"\" width=\"100\" height=\"67\" srcset=\"https:\/\/mlz.frystacko.cz\/wp-uploads\/2018\/08\/zm.IMG_2782-100x67.jpg 100w, https:\/\/mlz.frystacko.cz\/wp-uploads\/2018\/08\/zm.IMG_2782-300x200.jpg 300w, https:\/\/mlz.frystacko.cz\/wp-uploads\/2018\/08\/zm.IMG_2782-768x512.jpg 768w, https:\/\/mlz.frystacko.cz\/wp-uploads\/2018\/08\/zm.IMG_2782-1024x683.jpg 1024w, https:\/\/mlz.frystacko.cz\/wp-uploads\/2018\/08\/zm.IMG_2782.jpg 1200w\" sizes=\"auto, (max-width: 100px) 100vw, 100px\" \/>V ned\u011blu bylo teplo, ale l\u00e9tatelno. Radim dostal vych\u00e1zky, tak sem mu \u0161el d\u011blat spole\u010dnost.<\/p>\n<p><!--more-->Radim po dlouh\u00e9 dob\u011b byl pu\u0161t\u011bn na leti\u0161t\u011b, tak\u017ee si to n\u00e1le\u017eit\u011b u\u017eil. Vyfasoval d\u00edt\u011b, vzal Legu\u00e1na, k\u0159es\u00edlko, krabicu trubi\u010dek pro malou a vyrazil si u\u017e\u00edvat. \ud83d\ude42 J\u00e1 nalo\u017eil Proximu, bo mne zaj\u00edmalo, jestli t\u011bch asi 15g nacpan\u00fdch do k\u0159\u00eddla pom\u016f\u017ee (asi jo) a Cessni\u010dku.<\/p>\n<p>Lehl\u00fd sever sp\u00ed\u0161e shazoval, ale ob\u010das se termika ozvala a t\u00e1hla moc hezky a\u017e do nev\u00edm kam &#8230; teda v\u00edm, ale&#8230; <img src=\"https:\/\/mlz.frystacko.cz\/wp-includes\/images\/smilies\/mrgreen.png\" alt=\":mrgreen:\" class=\"wp-smiley\" style=\"height: 1em; max-height: 1em;\" \/><\/p>\n<p>Pozd\u011bj se za\u010dali trousit ostatn\u00ed. Dokonce i Honza l\u00e9tal. \ud83d\ude2f Asi se mu minul\u00e9 &#8222;jen&#8220; b\u011bh\u00e1n\u00ed s modelem zd\u00e1lo nedostate\u010dn\u00e9&#8230; nebo dostal strach, \u017ee by musel zas. \ud83d\ude1b<\/p>\n","protected":false},"excerpt":{"rendered":"<p>V ned\u011blu bylo teplo, ale l\u00e9tatelno. Radim dostal vych\u00e1zky, tak sem mu \u0161el d\u011blat spole\u010dnost.<\/p>\n","protected":false},"author":3,"featured_media":0,"comment_status":"open","ping_status":"closed","sticky":false,"template":"","format":"standard","meta":{"footnotes":""},"categories":[18],"tags":[],"class_list":["post-26356","post","type-post","status-publish","format-standard","hentry","category-provoz-na-letisti"],"_links":{"self":[{"href":"https:\/\/mlz.frystacko.cz\/index.php?rest_route=\/wp\/v2\/posts\/26356","targetHints":{"allow":["GET"]}}],"collection":[{"href":"https:\/\/mlz.frystacko.cz\/index.php?rest_route=\/wp\/v2\/posts"}],"about":[{"href":"https:\/\/mlz.frystacko.cz\/index.php?rest_route=\/wp\/v2\/types\/post"}],"author":[{"embeddable":true,"href":"https:\/\/mlz.frystacko.cz\/index.php?rest_route=\/wp\/v2\/users\/3"}],"replies":[{"embeddable":true,"href":"https:\/\/mlz.frystacko.cz\/index.php?rest_route=%2Fwp%2Fv2%2Fcomments&post=26356"}],"version-history":[{"count":4,"href":"https:\/\/mlz.frystacko.cz\/index.php?rest_route=\/wp\/v2\/posts\/26356\/revisions"}],"predecessor-version":[{"id":26387,"href":"https:\/\/mlz.frystacko.cz\/index.php?rest_route=\/wp\/v2\/posts\/26356\/revisions\/26387"}],"wp:attachment":[{"href":"https:\/\/mlz.frystacko.cz\/index.php?rest_route=%2Fwp%2Fv2%2Fmedia&parent=26356"}],"wp:term":[{"taxonomy":"category","embeddable":true,"href":"https:\/\/mlz.frystacko.cz\/index.php?rest_route=%2Fwp%2Fv2%2Fcategories&post=26356"},{"taxonomy":"post_tag","embeddable":true,"href":"https:\/\/mlz.frystacko.cz\/index.php?rest_route=%2Fwp%2Fv2%2Ftags&post=26356"}],"curies":[{"name":"wp","href":"https:\/\/api.w.org\/{rel}","templated":true}]}}