{"id":26390,"date":"2018-08-30T13:29:36","date_gmt":"2018-08-30T11:29:36","guid":{"rendered":"https:\/\/mlz.frystacko.cz\/?p=26390"},"modified":"2018-08-30T13:29:36","modified_gmt":"2018-08-30T11:29:36","slug":"utery-streda-2","status":"publish","type":"post","link":"https:\/\/mlz.frystacko.cz\/?p=26390","title":{"rendered":"\u00dater\u00fd, st\u0159eda&#8230;"},"content":{"rendered":"<p><img loading=\"lazy\" decoding=\"async\" class=\"alignleft size-thumbnail wp-image-26401\" src=\"https:\/\/mlz.frystacko.cz\/wp-uploads\/2018\/08\/zm.IMG_2834-100x67.jpg\" alt=\"\" width=\"100\" height=\"67\" srcset=\"https:\/\/mlz.frystacko.cz\/wp-uploads\/2018\/08\/zm.IMG_2834-100x67.jpg 100w, https:\/\/mlz.frystacko.cz\/wp-uploads\/2018\/08\/zm.IMG_2834-300x200.jpg 300w, https:\/\/mlz.frystacko.cz\/wp-uploads\/2018\/08\/zm.IMG_2834-768x512.jpg 768w, https:\/\/mlz.frystacko.cz\/wp-uploads\/2018\/08\/zm.IMG_2834-1024x683.jpg 1024w, https:\/\/mlz.frystacko.cz\/wp-uploads\/2018\/08\/zm.IMG_2834.jpg 1200w\" sizes=\"auto, (max-width: 100px) 100vw, 100px\" \/>Poletovalo se. Osobn\u011b sem byl &#8222;jen&#8220; v \u00fater\u00fd a st\u0159edu, tak aspo\u0148 p\u00e1r fotek je&#8230;<\/p>\n<p><!--more-->V \u00fater\u00fd sem m\u011bl p\u016fl dne dovolen\u00e9 ur\u010den\u00e9 jako opat\u0159en\u00ed proti abs\u0165\u00e1ku&#8230; a taky byl jist\u00fd z\u00e1jem nafotit kuku\u0159ici (zadn\u00ed), jestli &#8222;n\u00e1hodou&#8220; nebude vid\u011bt jedna Gama &#8230; no nebyla. Co u\u017e. Jinak to teda byl den \u010dumil\u016f. Krom\u011b Jirky to v\u0161echno sed\u011blo na zadku a \u010dum\u011blo, co se bude d\u00edt. A p\u0159itom bylo tak hezky. :-\/<\/p>\n<p>Ve st\u0159edu u\u017e to o\u017eilo&#8230; zase j\u00e1 p\u0159ijel a\u017e po 6, tak\u017ee sem stihl aspo\u0148 dva starty s Proximou, z toho jeden m\u011b\u0159ic\u00ed (dosah jin\u00e9ho p\u0159ij\u00edma\u010de, v\u00fdsledek ne-p\u0159\u00edli\u0161-uspokojiv\u00fd)&#8230;. a m\u011bl sem Easystara s v\u011bdom\u00edm, \u017ee je brzo tma&#8230;. po z\u00e1padu slunka u\u017e sem l\u00e9tal s\u00e1m&#8230; ale aspo\u0148 to t\u0159eba poslou\u017eilo jako inspirace. \ud83d\ude42<\/p>\n","protected":false},"excerpt":{"rendered":"<p>Poletovalo se. Osobn\u011b sem byl &#8222;jen&#8220; v \u00fater\u00fd a st\u0159edu, tak aspo\u0148 p\u00e1r fotek je&#8230;<\/p>\n","protected":false},"author":3,"featured_media":0,"comment_status":"open","ping_status":"closed","sticky":false,"template":"","format":"standard","meta":{"footnotes":""},"categories":[18],"tags":[],"class_list":["post-26390","post","type-post","status-publish","format-standard","hentry","category-provoz-na-letisti"],"_links":{"self":[{"href":"https:\/\/mlz.frystacko.cz\/index.php?rest_route=\/wp\/v2\/posts\/26390","targetHints":{"allow":["GET"]}}],"collection":[{"href":"https:\/\/mlz.frystacko.cz\/index.php?rest_route=\/wp\/v2\/posts"}],"about":[{"href":"https:\/\/mlz.frystacko.cz\/index.php?rest_route=\/wp\/v2\/types\/post"}],"author":[{"embeddable":true,"href":"https:\/\/mlz.frystacko.cz\/index.php?rest_route=\/wp\/v2\/users\/3"}],"replies":[{"embeddable":true,"href":"https:\/\/mlz.frystacko.cz\/index.php?rest_route=%2Fwp%2Fv2%2Fcomments&post=26390"}],"version-history":[{"count":1,"href":"https:\/\/mlz.frystacko.cz\/index.php?rest_route=\/wp\/v2\/posts\/26390\/revisions"}],"predecessor-version":[{"id":26431,"href":"https:\/\/mlz.frystacko.cz\/index.php?rest_route=\/wp\/v2\/posts\/26390\/revisions\/26431"}],"wp:attachment":[{"href":"https:\/\/mlz.frystacko.cz\/index.php?rest_route=%2Fwp%2Fv2%2Fmedia&parent=26390"}],"wp:term":[{"taxonomy":"category","embeddable":true,"href":"https:\/\/mlz.frystacko.cz\/index.php?rest_route=%2Fwp%2Fv2%2Fcategories&post=26390"},{"taxonomy":"post_tag","embeddable":true,"href":"https:\/\/mlz.frystacko.cz\/index.php?rest_route=%2Fwp%2Fv2%2Ftags&post=26390"}],"curies":[{"name":"wp","href":"https:\/\/api.w.org\/{rel}","templated":true}]}}