{"id":26435,"date":"2018-09-10T10:11:26","date_gmt":"2018-09-10T08:11:26","guid":{"rendered":"https:\/\/mlz.frystacko.cz\/?p=26435"},"modified":"2018-09-10T10:11:26","modified_gmt":"2018-09-10T08:11:26","slug":"v-patek-se-poletovalo-v-nedeli-taky","status":"publish","type":"post","link":"https:\/\/mlz.frystacko.cz\/?p=26435","title":{"rendered":"V p\u00e1tek se poletovalo&#8230; v ned\u011bli taky&#8230; :)"},"content":{"rendered":"<p><img loading=\"lazy\" decoding=\"async\" class=\"alignleft size-thumbnail wp-image-26438\" src=\"https:\/\/mlz.frystacko.cz\/wp-uploads\/2018\/09\/zm.IMG_2949-100x67.jpg\" alt=\"\" width=\"100\" height=\"67\" srcset=\"https:\/\/mlz.frystacko.cz\/wp-uploads\/2018\/09\/zm.IMG_2949-100x67.jpg 100w, https:\/\/mlz.frystacko.cz\/wp-uploads\/2018\/09\/zm.IMG_2949-300x200.jpg 300w, https:\/\/mlz.frystacko.cz\/wp-uploads\/2018\/09\/zm.IMG_2949-768x512.jpg 768w, https:\/\/mlz.frystacko.cz\/wp-uploads\/2018\/09\/zm.IMG_2949-1024x683.jpg 1024w, https:\/\/mlz.frystacko.cz\/wp-uploads\/2018\/09\/zm.IMG_2949.jpg 1200w\" sizes=\"auto, (max-width: 100px) 100vw, 100px\" \/>P\u00e1te\u010dn\u00ed poletov\u00e1n\u00ed sem stihl a\u017e pozd\u011bj a ned\u011bln\u00ed taky. P\u00e1r fotek je. \ud83d\ude42<\/p>\n<p><!--more-->V p\u00e1tek sem si vzal Proximu &#8230; abych si pol\u00e9tal&#8230; a Easystara, abych si pol\u00e9tal aj pozd\u011bj, bo sem se tam dostal v 6 a v p\u016fl na 8 je \u0161ero. \ud83d\ude42 Lid\u00ed hromada, v\u011bt\u0161inou v\u011btron\u011b, tak\u017ee se l\u00e9talo hromadn\u011b. \ud83d\ude42\u00a0 K Easystarovi sem &#8222;kdyby nahodou&#8220; m\u011bl ob\u011b r\u00e1dia&#8230; p\u0159i\u0161ly vhod. 2 &#8222;kolemstoj\u00edc\u00ed&#8220; se kone\u010dn\u011b nechali ukrkat&#8230;. n\u00e1sledn\u011b ani nenad\u00e1vali. \ud83d\ude42<\/p>\n<p>Hezky bylo i v ned\u011bli a \u010dasov\u011b mi to vy\u0161lo stejn\u011b. Vzal jsem podle toho i stroje. Proxima se p\u0159i setm\u011bn\u00ed dr\u017eela st\u00e1le kolem 200m, tak\u017ee sem p\u0159ist\u00e1val s nevybitou baterkou. Hladi\u0161 m\u00e1 VELKOU pochvalu, bo si pr\u00fd zal\u00e9tl 2 stroje &#8211; S\u00c1M. Nebyl sem u toho, tak to m\u00e1m jen z doslechu. (Jirka to pak hodnotil slovy&#8230;&#8220;Jo, zal\u00e9tl, proto\u017ee musel. J\u00e1 odm\u00edtl a ty&#8217;s tu nebyl.&#8220;) Easystara si tentokr\u00e1t nestihl p\u016fj\u010dit nikdo, tak sem blbnul s\u00e1m&#8230;. do tmy. \ud83d\ude1b<\/p>\n<p>Hezk\u00fd v\u00edkend. \ud83d\ude42 Akor\u00e1t ve\u010der u\u017e to teda na plavky nen\u00ed. :\/<\/p>\n","protected":false},"excerpt":{"rendered":"<p>P\u00e1te\u010dn\u00ed poletov\u00e1n\u00ed sem stihl a\u017e pozd\u011bj a ned\u011bln\u00ed taky. P\u00e1r fotek je. \ud83d\ude42<\/p>\n","protected":false},"author":3,"featured_media":0,"comment_status":"open","ping_status":"closed","sticky":false,"template":"","format":"standard","meta":{"footnotes":""},"categories":[18],"tags":[],"class_list":["post-26435","post","type-post","status-publish","format-standard","hentry","category-provoz-na-letisti"],"_links":{"self":[{"href":"https:\/\/mlz.frystacko.cz\/index.php?rest_route=\/wp\/v2\/posts\/26435","targetHints":{"allow":["GET"]}}],"collection":[{"href":"https:\/\/mlz.frystacko.cz\/index.php?rest_route=\/wp\/v2\/posts"}],"about":[{"href":"https:\/\/mlz.frystacko.cz\/index.php?rest_route=\/wp\/v2\/types\/post"}],"author":[{"embeddable":true,"href":"https:\/\/mlz.frystacko.cz\/index.php?rest_route=\/wp\/v2\/users\/3"}],"replies":[{"embeddable":true,"href":"https:\/\/mlz.frystacko.cz\/index.php?rest_route=%2Fwp%2Fv2%2Fcomments&post=26435"}],"version-history":[{"count":2,"href":"https:\/\/mlz.frystacko.cz\/index.php?rest_route=\/wp\/v2\/posts\/26435\/revisions"}],"predecessor-version":[{"id":26482,"href":"https:\/\/mlz.frystacko.cz\/index.php?rest_route=\/wp\/v2\/posts\/26435\/revisions\/26482"}],"wp:attachment":[{"href":"https:\/\/mlz.frystacko.cz\/index.php?rest_route=%2Fwp%2Fv2%2Fmedia&parent=26435"}],"wp:term":[{"taxonomy":"category","embeddable":true,"href":"https:\/\/mlz.frystacko.cz\/index.php?rest_route=%2Fwp%2Fv2%2Fcategories&post=26435"},{"taxonomy":"post_tag","embeddable":true,"href":"https:\/\/mlz.frystacko.cz\/index.php?rest_route=%2Fwp%2Fv2%2Ftags&post=26435"}],"curies":[{"name":"wp","href":"https:\/\/api.w.org\/{rel}","templated":true}]}}