{"id":26541,"date":"2018-09-16T23:25:04","date_gmt":"2018-09-16T21:25:04","guid":{"rendered":"https:\/\/mlz.frystacko.cz\/?p=26541"},"modified":"2018-09-17T21:32:04","modified_gmt":"2018-09-17T19:32:04","slug":"nedele-16-dne-mesice-zari-lp-2018","status":"publish","type":"post","link":"https:\/\/mlz.frystacko.cz\/?p=26541","title":{"rendered":"Ned\u011ble, 16.den m\u011bs\u00edce z\u00e1\u0159\u00ed, LP 2018"},"content":{"rendered":"<p><img loading=\"lazy\" decoding=\"async\" class=\"alignleft size-thumbnail wp-image-26555\" src=\"https:\/\/mlz.frystacko.cz\/wp-uploads\/2018\/09\/016_7971-3-100x71.jpg\" alt=\"\" width=\"100\" height=\"71\" srcset=\"https:\/\/mlz.frystacko.cz\/wp-uploads\/2018\/09\/016_7971-3-100x71.jpg 100w, https:\/\/mlz.frystacko.cz\/wp-uploads\/2018\/09\/016_7971-3-281x200.jpg 281w, https:\/\/mlz.frystacko.cz\/wp-uploads\/2018\/09\/016_7971-3-768x546.jpg 768w, https:\/\/mlz.frystacko.cz\/wp-uploads\/2018\/09\/016_7971-3-1024x728.jpg 1024w\" sizes=\"auto, (max-width: 100px) 100vw, 100px\" \/>Dne\u0161n\u00ed ned\u011ble &#8230;. to byla zlat\u00e1 NED\u011aLE. A kdo a \u010d\u00edm, \u017ee se o to zaslou\u017eil? Zlat\u00fd <a href=\"http:\/\/airrace.redbull.com\/en_INT\/article\/sensational-sonka-makes-it-three-wins-row\">hattrick<\/a> v pod\u00e1n\u00ed Martina \u0160onky v seri\u00e1lu Red Bull Air Race.<\/p>\n<p><!--more--><\/p>\n<p>&#8230; a zat\u00edm co se ve Wiener Neustadt(u) proh\u00e1n\u011bla letadla pilot\u016f Red Bull Air Race, tak na \u017dab\u00e1rn\u011b se proh\u00e1n\u011bla letadla\u00a0 &#8230;. no, jak z toho te\u010f vybruslit &#8230; na\u0161e letadla. A d\u00edky z\u00e1padu slunce, kter\u00e9 to kr\u00e1sn\u011b zabarvilo, tak byla tak\u00e9 zlat\u00e1.<\/p>\n<p>Kde za\u010d\u00edt? V\u010derej\u0161kem. Zat\u00edmco jsme v\u010dera s Martinem l\u00e9tali v Chom\u00fd\u017ei(u) na svahu, tak na \u017dab\u00e1rn\u011b se se\u0161la po\u010detn\u00e1 skupina pilot\u016f a pr\u00fd se domluvilo, \u017ee kdy\u017e m\u00e1 b\u00fdt v ned\u011bli \u00fa\u017easn\u00e9 po\u010das\u00ed, tak \u017ee se ve 14.00hod sjedou op\u011bt v hojn\u00e9m po\u010dtu. Tak tohle p\u0159edsevzet\u00ed v tento \u010das neklaplo. P\u0159ijel jsem na leti\u0161t\u011b v 14.45hod. A byl jsem prvn\u00ed &#8230; medail\u00ed, v\u011bncem, \u0161ampa\u0148sk\u00fdm, pug\u00e9tem, ani ni\u010d\u00edm jin\u00fdm, toto prvenstv\u00ed ocen\u011bno nebylo, ale s t\u00edm se d\u00e1 docela snadno sm\u00ed\u0159it &#8211; nav\u00edc je to i o zvyku, nen\u00ed to poprv\u00e9 \ud83d\ude42<\/p>\n<p>Jako druh\u00fd p\u0159ijel Jirka. A po n\u011bm postupn\u011b dal\u0161\u00ed a dal\u0161\u00ed a dal\u0161\u00ed a snad posledn\u00ed p\u0159ijezdiv\u0161\u00ed byl Martin. Tak\u017ee parti\u010dka skv\u011bl\u00e1. Po\u010das\u00ed bylo p\u0159esn\u011b podle p\u0159edpov\u011bdi &#8211; v\u00edtr slab\u00fd, prom\u011bnliv\u00fd. Kdyby jsme m\u011bli na leti\u0161ti st\u0159echu a na st\u0159e\u0161e kohouta, tak mu z toho to\u010den\u00ed se bude \u0161oufl. Chv\u00edlemi se v\u00edtr to\u010dil snad po minut\u011b &#8211; a nevynechal \u017e\u00e1dnou sv\u011btovou stranu.<\/p>\n<p>Odpoledne, n\u011bkde sm\u011br Slu\u0161ovice, ho\u0159elo. Oblak \u010dern\u00e9ho kou\u0159e nad horizontem upoutal na\u0161i pozornost. Tak jsme kolem toho vedli chvilku plan\u00e9 \u0159e\u010di, ale rad\u011bji jsme se brzy zase v\u011bnovali na\u0161emu l\u00e9t\u00e1n\u00ed, nebo lad\u011bn\u00ed stroj\u016f. T\u0159eba na Gam\u011b kluci \u0159e\u0161ili v\u00fdkon (teda nev\u00fdkon) motoru. Probl\u00e9m na\u0161li, odstranili a Gama p\u0159i stoup\u00e1n\u00ed za\u010dala p\u011bkn\u011b \u0159ezat vzduch, a ne jen tup\u011b hrnout p\u0159ed sebou.\u00a0<strong>Edit:<\/strong> U\u017e se na webu p\u00ed\u0161e, co \u017ee to kde <a href=\"http:\/\/www.hzscr.cz\/clanek\/cerny-kour-se-nesl-nad-vizovicemi-na-zlinsku.aspx\">ho\u0159elo<\/a>.<\/p>\n<p>Kdo a s \u010d\u00edm l\u00e9tal, to se pod\u00edvejte dole v galerii. Kdo z dne\u0161n\u00edch l\u00e9ta\u010d\u016f se tam nenajde, tak za to se omlouv\u00e1m. Ale taky jsem l\u00e9tal, a fotit nebylo tak \u00fapln\u011b v priorit\u00e1ch \ud83d\ude42<\/p>\n<p>A z \u010deho m\u00e1m dnes radost? Teda krom\u011b v\u00fdsledku <a href=\"https:\/\/www.ceskatelevize.cz\/sport\/moto\/letectvi\/381085-sonka-triumfem-v-rakousku-zavrsil-hattrick-a-prepsal-historii\/\">Martina \u0160onky<\/a> (1.m\u00edsto) a 5.m\u00edsta Petra Kopfsteina? No p\u0159ece z toho, \u017ee jsme s Honzou l\u00e9tali spole\u010dn\u011b s na\u0161imi Sirii(usi). A i kdy\u017e jsme chvilku l\u00e9tali n\u00edzko a bl\u00edzko sebe (kdy\u017e se to povede, tak to p\u011bkn\u011b vypad\u00e1 a l\u00e9pe se to fot\u00ed), tak z toho nebyla sr\u00e1\u017eka ani jin\u00e1 \u00fajma.<\/p>\n<p>A soub\u011b\u017en\u011b s na\u0161im l\u00e9t\u00e1n\u00edm prob\u00edhal i v\u00fdcvik dravce. Dravec l\u00e9tal, lovil, neulet\u011bl. Tak snad pro dne\u0161ek dobr\u00fd v\u00fdsledek.<\/p>\n<p>A v podve\u010der se dostali na \u0159adu i za\u010d\u00ednaj\u00edc\u00ed piloti. Martin zap\u016fj\u010dil Easystara s r\u00e1dii (Optic\/Optic) v re\u017eimu u\u010ditel-\u017e\u00e1k. Piloti byli nad\u0161en\u00ed a pr\u00fd, \u017ee p\u0159\u00ed\u0161t\u011b by to zase r\u00e1di zkusili(a).<\/p>\n<p>Tak, konec \u010dten\u00ed a rad\u011bji poj\u010fme l\u00e9tat. T\u0159eba si dejme sraz na Ol\u0161in\u011b, po\u010dasn\u00edc\u00ed hl\u00e1s\u00ed na \u00fater\u00fd JIH.<\/p>\n<p>video: <a href=\"https:\/\/www.youtube.com\/watch?v=pghPBK---tg\">E-flite Radian XL 2.6m<\/a><\/p>\n<p>video: <a href=\"https:\/\/www.youtube.com\/watch?v=KBSnXiBDXBo\">V\u00fdcvik dravce<\/a><\/p>\n<p>&nbsp;<\/p>\n<p>&nbsp;<\/p>\n<p>&nbsp;<\/p>\n","protected":false},"excerpt":{"rendered":"<p>Dne\u0161n\u00ed ned\u011ble &#8230;. to byla zlat\u00e1 NED\u011aLE. A kdo a \u010d\u00edm, \u017ee se o to zaslou\u017eil? Zlat\u00fd hattrick v pod\u00e1n\u00ed Martina \u0160onky v seri\u00e1lu Red Bull Air Race.<\/p>\n","protected":false},"author":13,"featured_media":0,"comment_status":"open","ping_status":"closed","sticky":false,"template":"","format":"standard","meta":{"footnotes":""},"categories":[18],"tags":[],"class_list":["post-26541","post","type-post","status-publish","format-standard","hentry","category-provoz-na-letisti"],"_links":{"self":[{"href":"https:\/\/mlz.frystacko.cz\/index.php?rest_route=\/wp\/v2\/posts\/26541","targetHints":{"allow":["GET"]}}],"collection":[{"href":"https:\/\/mlz.frystacko.cz\/index.php?rest_route=\/wp\/v2\/posts"}],"about":[{"href":"https:\/\/mlz.frystacko.cz\/index.php?rest_route=\/wp\/v2\/types\/post"}],"author":[{"embeddable":true,"href":"https:\/\/mlz.frystacko.cz\/index.php?rest_route=\/wp\/v2\/users\/13"}],"replies":[{"embeddable":true,"href":"https:\/\/mlz.frystacko.cz\/index.php?rest_route=%2Fwp%2Fv2%2Fcomments&post=26541"}],"version-history":[{"count":15,"href":"https:\/\/mlz.frystacko.cz\/index.php?rest_route=\/wp\/v2\/posts\/26541\/revisions"}],"predecessor-version":[{"id":26611,"href":"https:\/\/mlz.frystacko.cz\/index.php?rest_route=\/wp\/v2\/posts\/26541\/revisions\/26611"}],"wp:attachment":[{"href":"https:\/\/mlz.frystacko.cz\/index.php?rest_route=%2Fwp%2Fv2%2Fmedia&parent=26541"}],"wp:term":[{"taxonomy":"category","embeddable":true,"href":"https:\/\/mlz.frystacko.cz\/index.php?rest_route=%2Fwp%2Fv2%2Fcategories&post=26541"},{"taxonomy":"post_tag","embeddable":true,"href":"https:\/\/mlz.frystacko.cz\/index.php?rest_route=%2Fwp%2Fv2%2Ftags&post=26541"}],"curies":[{"name":"wp","href":"https:\/\/api.w.org\/{rel}","templated":true}]}}