{"id":26620,"date":"2018-09-19T16:08:46","date_gmt":"2018-09-19T14:08:46","guid":{"rendered":"https:\/\/mlz.frystacko.cz\/?p=26620"},"modified":"2018-09-19T16:10:58","modified_gmt":"2018-09-19T14:10:58","slug":"olsina-47","status":"publish","type":"post","link":"https:\/\/mlz.frystacko.cz\/?p=26620","title":{"rendered":"Ol\u0161ina"},"content":{"rendered":"<p><img loading=\"lazy\" decoding=\"async\" class=\"alignleft size-thumbnail wp-image-26650\" src=\"https:\/\/mlz.frystacko.cz\/wp-uploads\/2018\/09\/zm.IMG_3522-100x67.jpg\" alt=\"\" width=\"100\" height=\"67\" srcset=\"https:\/\/mlz.frystacko.cz\/wp-uploads\/2018\/09\/zm.IMG_3522-100x67.jpg 100w, https:\/\/mlz.frystacko.cz\/wp-uploads\/2018\/09\/zm.IMG_3522-300x200.jpg 300w, https:\/\/mlz.frystacko.cz\/wp-uploads\/2018\/09\/zm.IMG_3522-768x512.jpg 768w, https:\/\/mlz.frystacko.cz\/wp-uploads\/2018\/09\/zm.IMG_3522-1024x683.jpg 1024w, https:\/\/mlz.frystacko.cz\/wp-uploads\/2018\/09\/zm.IMG_3522.jpg 1200w\" sizes=\"auto, (max-width: 100px) 100vw, 100px\" \/>Tak. Kone\u010dn\u011b zase zase ji\u017e\u00e1\u010dek. \u00dater\u00fd bylo velmi p\u0159\u00edjemn\u00e9 a vyu\u017eilo toho spousta lid\u00ed. \ud83d\ude42<\/p>\n<p><!--more-->Jih u\u017e dlouho nebyl, tak\u017ee kdo m\u011bl nohy, kva\u010dil na Ol\u0161inu. Nebyl to sice \u017e\u00e1dn\u00fd hur\u00e1-g\u00e1n, ale l\u00e9talo to i tak prima. Termika taky d\u011blala co mohla, tak\u017ee se l\u00e9talo v\u011bt\u0161inou ve 2-3 nar\u00e1z, sem tam do toho i pytl\u00edk\u00e1\u0159i. \ud83d\ude42<\/p>\n<p>Na tr\u00e1v\u011b bylo dob\u0159e vid\u011bt, \u017ee p\u0159eci jen sem\/tam sprchlo, bo byla v\u00fdrazn\u011b veselej\u0161\u00ed jak v l\u00e9t\u011b. Kv\u00edtka posko\u010dily, mot\u00fdli se motali, vlak jezdil&#8230; no a my sme poletovali co to \u0161lo. N\u00e1dhera.\u00a0 A na p\u00e1tek m\u00e1me sl\u00edbeno pr\u00fd e\u0161t\u011b trochu lep\u010d\u00ed. \ud83d\ude1b<\/p>\n<p><small><small>(A \u0160\u00e1\u0161ula se nechal sly\u0161et, \u017ee do t\u00e9 doby d\u00e1 dohromady Fosu&#8230;tak a m\u00e1\u0161 to p\u00edsemn\u011b. <img src=\"https:\/\/mlz.frystacko.cz\/wp-includes\/images\/smilies\/mrgreen.png\" alt=\":mrgreen:\" class=\"wp-smiley\" style=\"height: 1em; max-height: 1em;\" \/> )<\/small><\/small><\/p>\n<p>&nbsp;<\/p>\n","protected":false},"excerpt":{"rendered":"<p>Tak. Kone\u010dn\u011b zase zase ji\u017e\u00e1\u010dek. \u00dater\u00fd bylo velmi p\u0159\u00edjemn\u00e9 a vyu\u017eilo toho spousta lid\u00ed. \ud83d\ude42<\/p>\n","protected":false},"author":3,"featured_media":0,"comment_status":"open","ping_status":"closed","sticky":false,"template":"","format":"standard","meta":{"footnotes":""},"categories":[21],"tags":[],"class_list":["post-26620","post","type-post","status-publish","format-standard","hentry","category-svah"],"_links":{"self":[{"href":"https:\/\/mlz.frystacko.cz\/index.php?rest_route=\/wp\/v2\/posts\/26620","targetHints":{"allow":["GET"]}}],"collection":[{"href":"https:\/\/mlz.frystacko.cz\/index.php?rest_route=\/wp\/v2\/posts"}],"about":[{"href":"https:\/\/mlz.frystacko.cz\/index.php?rest_route=\/wp\/v2\/types\/post"}],"author":[{"embeddable":true,"href":"https:\/\/mlz.frystacko.cz\/index.php?rest_route=\/wp\/v2\/users\/3"}],"replies":[{"embeddable":true,"href":"https:\/\/mlz.frystacko.cz\/index.php?rest_route=%2Fwp%2Fv2%2Fcomments&post=26620"}],"version-history":[{"count":6,"href":"https:\/\/mlz.frystacko.cz\/index.php?rest_route=\/wp\/v2\/posts\/26620\/revisions"}],"predecessor-version":[{"id":26702,"href":"https:\/\/mlz.frystacko.cz\/index.php?rest_route=\/wp\/v2\/posts\/26620\/revisions\/26702"}],"wp:attachment":[{"href":"https:\/\/mlz.frystacko.cz\/index.php?rest_route=%2Fwp%2Fv2%2Fmedia&parent=26620"}],"wp:term":[{"taxonomy":"category","embeddable":true,"href":"https:\/\/mlz.frystacko.cz\/index.php?rest_route=%2Fwp%2Fv2%2Fcategories&post=26620"},{"taxonomy":"post_tag","embeddable":true,"href":"https:\/\/mlz.frystacko.cz\/index.php?rest_route=%2Fwp%2Fv2%2Ftags&post=26620"}],"curies":[{"name":"wp","href":"https:\/\/api.w.org\/{rel}","templated":true}]}}