{"id":26854,"date":"2018-09-29T20:25:29","date_gmt":"2018-09-29T18:25:29","guid":{"rendered":"https:\/\/mlz.frystacko.cz\/?p=26854"},"modified":"2018-09-29T20:25:29","modified_gmt":"2018-09-29T18:25:29","slug":"ratibor-12","status":"publish","type":"post","link":"https:\/\/mlz.frystacko.cz\/?p=26854","title":{"rendered":"Ratibo\u0159 :)"},"content":{"rendered":"<p><img loading=\"lazy\" decoding=\"async\" class=\"alignleft size-thumbnail wp-image-26884\" src=\"https:\/\/mlz.frystacko.cz\/wp-uploads\/2018\/09\/zm.IMG_4457-100x67.jpg\" alt=\"\" width=\"100\" height=\"67\" srcset=\"https:\/\/mlz.frystacko.cz\/wp-uploads\/2018\/09\/zm.IMG_4457-100x67.jpg 100w, https:\/\/mlz.frystacko.cz\/wp-uploads\/2018\/09\/zm.IMG_4457-300x200.jpg 300w, https:\/\/mlz.frystacko.cz\/wp-uploads\/2018\/09\/zm.IMG_4457-768x512.jpg 768w, https:\/\/mlz.frystacko.cz\/wp-uploads\/2018\/09\/zm.IMG_4457-1024x683.jpg 1024w, https:\/\/mlz.frystacko.cz\/wp-uploads\/2018\/09\/zm.IMG_4457.jpg 1200w\" sizes=\"auto, (max-width: 100px) 100vw, 100px\" \/>Tak n\u00e1m to l\u00e9to p\u011bkn\u011b skon\u010dilo a podzim za\u010dal&#8230; a na podzim \u010dasto fouk\u00e1. \ud83d\ude1b Tak dnes kup\u0159\u00edkladu severo-v\u00fdchod na Ratibo\u0159i. \ud83d\ude42<\/p>\n<p><!--more-->Nedomluvil sem se s nik\u00fdm. N\u011bkdo nemohl, n\u011bkdo &#8222;necht\u011bl&#8220;. A p\u0159itom bylo tak hezky&#8230; pokud do toho jeden zapo\u010d\u00edt\u00e1 po\u010d\u00edt\u00e1 lep\u0161\u00ed ko\u017euch, dvoje fusky, \u010depicu, rukavice a termosku s dobr\u00fdm \u010dajem (p\u0159\u00edtomn\u00fd specialista na vym\u011b\u0161ov\u00e1n\u00ed nutri\u00ed mi dnes \u0159ekl, \u017ee je to dost sladk\u00e9&#8230; nebo tak n\u011bjak. ).<\/p>\n<p>Na kopec sem vylezl v poledne a byl sem tam chv\u00edlu s\u00e1m. Taky dob\u0159e. Fu\u0148\u011blo d\u016fkladn\u011b, nosilo to por\u016fznu a bylo to hezk\u00e9. Na louce sem\/tam je\u0161t\u011b n\u011bco kvetlo, ob\u010das tr\u010dela houba, tu a tam krkavec nebo po\u0161tolka&#8230; prima.\u00a0 Podzimn\u00ed slunko je tam v poledne za stromy, tak\u017ee sem m\u011bl na v\u00fdb\u011br &#8211; bu\u010f v z\u00e1v\u011bt\u0159\u00ed nebo na slunku&#8230; \ud83d\ude42<\/p>\n<p>K m\u00e9 radosti se po \u010dase uk\u00e1zali kluci z Hranic (ano, m\u00e1me to bl\u00edzko, ale zn\u00e1me se z Donoval <img src=\"https:\/\/mlz.frystacko.cz\/wp-includes\/images\/smilies\/mrgreen.png\" alt=\":mrgreen:\" class=\"wp-smiley\" style=\"height: 1em; max-height: 1em;\" \/> ). Honza s Etou a Musgerem a Martin se Sagitkou&#8230; ke kter\u00e9 bohu\u017eel nem\u011bl baterku. Hodn\u00ed lid\u00e9 se v\u0161ak pod\u011blili aspo\u0148 o p\u0159ij\u00edma\u010dovku, tak\u017ee sme l\u00e9tali v\u0161ichni a Martin aspo\u0148 neprovokoval s motorem. \ud83d\ude1b<\/p>\n<p>Dol\u016f sme \u0161li po p\u016fl 6, spokojen\u00ed, vyl\u00e9tan\u00ed, nic nerozbit\u00e9&#8230; kr\u00e1sn\u00fd den. \ud83d\ude42<\/p>\n","protected":false},"excerpt":{"rendered":"<p>Tak n\u00e1m to l\u00e9to p\u011bkn\u011b skon\u010dilo a podzim za\u010dal&#8230; a na podzim \u010dasto fouk\u00e1. \ud83d\ude1b Tak dnes kup\u0159\u00edkladu severo-v\u00fdchod na Ratibo\u0159i. \ud83d\ude42<\/p>\n","protected":false},"author":3,"featured_media":0,"comment_status":"open","ping_status":"closed","sticky":false,"template":"","format":"standard","meta":{"footnotes":""},"categories":[21],"tags":[],"class_list":["post-26854","post","type-post","status-publish","format-standard","hentry","category-svah"],"_links":{"self":[{"href":"https:\/\/mlz.frystacko.cz\/index.php?rest_route=\/wp\/v2\/posts\/26854","targetHints":{"allow":["GET"]}}],"collection":[{"href":"https:\/\/mlz.frystacko.cz\/index.php?rest_route=\/wp\/v2\/posts"}],"about":[{"href":"https:\/\/mlz.frystacko.cz\/index.php?rest_route=\/wp\/v2\/types\/post"}],"author":[{"embeddable":true,"href":"https:\/\/mlz.frystacko.cz\/index.php?rest_route=\/wp\/v2\/users\/3"}],"replies":[{"embeddable":true,"href":"https:\/\/mlz.frystacko.cz\/index.php?rest_route=%2Fwp%2Fv2%2Fcomments&post=26854"}],"version-history":[{"count":2,"href":"https:\/\/mlz.frystacko.cz\/index.php?rest_route=\/wp\/v2\/posts\/26854\/revisions"}],"predecessor-version":[{"id":26904,"href":"https:\/\/mlz.frystacko.cz\/index.php?rest_route=\/wp\/v2\/posts\/26854\/revisions\/26904"}],"wp:attachment":[{"href":"https:\/\/mlz.frystacko.cz\/index.php?rest_route=%2Fwp%2Fv2%2Fmedia&parent=26854"}],"wp:term":[{"taxonomy":"category","embeddable":true,"href":"https:\/\/mlz.frystacko.cz\/index.php?rest_route=%2Fwp%2Fv2%2Fcategories&post=26854"},{"taxonomy":"post_tag","embeddable":true,"href":"https:\/\/mlz.frystacko.cz\/index.php?rest_route=%2Fwp%2Fv2%2Ftags&post=26854"}],"curies":[{"name":"wp","href":"https:\/\/api.w.org\/{rel}","templated":true}]}}