{"id":27095,"date":"2018-10-09T22:43:33","date_gmt":"2018-10-09T20:43:33","guid":{"rendered":"https:\/\/mlz.frystacko.cz\/?p=27095"},"modified":"2018-10-10T20:12:06","modified_gmt":"2018-10-10T18:12:06","slug":"donovaly-podzimni-2","status":"publish","type":"post","link":"https:\/\/mlz.frystacko.cz\/?p=27095","title":{"rendered":"Donovaly podzimn\u00ed&#8230;"},"content":{"rendered":"<p><img loading=\"lazy\" decoding=\"async\" class=\"alignleft size-thumbnail wp-image-27138\" src=\"https:\/\/mlz.frystacko.cz\/wp-uploads\/2018\/10\/zm.IMG_5240-100x67.jpg\" alt=\"\" width=\"100\" height=\"67\" srcset=\"https:\/\/mlz.frystacko.cz\/wp-uploads\/2018\/10\/zm.IMG_5240-100x67.jpg 100w, https:\/\/mlz.frystacko.cz\/wp-uploads\/2018\/10\/zm.IMG_5240-300x200.jpg 300w, https:\/\/mlz.frystacko.cz\/wp-uploads\/2018\/10\/zm.IMG_5240-768x512.jpg 768w, https:\/\/mlz.frystacko.cz\/wp-uploads\/2018\/10\/zm.IMG_5240-1024x683.jpg 1024w, https:\/\/mlz.frystacko.cz\/wp-uploads\/2018\/10\/zm.IMG_5240.jpg 1200w\" sizes=\"auto, (max-width: 100px) 100vw, 100px\" \/>Po letech se mi kone\u010dn\u011b zase poda\u0159ilo dostat na Donovaly na podzim. Neukrkal jsem nikoho, nemohli&#8230; (p\u0159\u00edpadn\u011b necht\u011bli) &#8230; co u\u017e. Ale zato do mne pak n\u011bkte\u0159\u00ed r\u00fdpali, kde jsou fotky&#8230; no tak tu. Dob\u0159e V\u00e1m tak.<\/p>\n<p><!--more--><\/p>\n<p>T\u00fdden p\u0159edem jsem nahl\u00eddl na p\u0159edpov\u011b\u010f a vypadala slibn\u011b&#8230; p\u00e1tek i sobota jasno, ji\u017en\u00ed, by\u0165 velmi slab\u00fd v\u011btr&#8230;. navrhl jsem to doma\u00a0 (\u010dtvrtek odpoledne tam, v ned\u011bli po sn\u00eddani zp\u011bt) a bylo s nad\u0161en\u00edm odsouhlaseno. \ud83d\ude42 S bl\u00ed\u017e\u00edc\u00edm se term\u00ednem se p\u0159edpov\u011b\u010f jenom zlep\u0161ovala&#8230; jasno z\u016fst\u00e1valo, ale v\u00edtr slibovali postupn\u011b siln\u011bj\u0161\u00ed a siln\u011bj\u0161\u00ed.<\/p>\n<p>Cesta tam prob\u00edhala pohodln\u011b, s vyj\u00edmkou v\u00fdjezdu za \u017dilinou a pod Stre\u010dnem, kter\u00e9 b\u00fdvaj\u00ed pravideln\u011b ucpan\u011bj\u0161\u00ed. Vy\u0161\u0161\u00ed kopce m\u011bly b\u00edlou \u010depi\u010dku, ale na\u0161t\u011bst\u00ed ty je\u0161t\u011b malinko vy\u0161\u0161\u00ed ne\u017e na Donovalech. Ve\u010de\u0159e byly pravideln\u011b na kolib\u011b Goral&#8230; bo Magura u\u017e zav\u00edrala ve 4. Holt podzim. :\/ No na Goralu sme to \u0159e\u0161ili jednou porci pro oba a bohat\u011b sta\u010dilo. (ne, Rycht\u00e1rovo koritko nebylo&#8230; to by v na\u0161em p\u0159\u00edpad\u011b bylo pro 4 \ud83d\ude00 )<\/p>\n<p><img loading=\"lazy\" decoding=\"async\" class=\"alignright size-medium wp-image-27102\" src=\"https:\/\/mlz.frystacko.cz\/wp-uploads\/2018\/10\/zm.IMG_4854-300x200.jpg\" alt=\"\" width=\"300\" height=\"200\" srcset=\"https:\/\/mlz.frystacko.cz\/wp-uploads\/2018\/10\/zm.IMG_4854-300x200.jpg 300w, https:\/\/mlz.frystacko.cz\/wp-uploads\/2018\/10\/zm.IMG_4854-100x67.jpg 100w, https:\/\/mlz.frystacko.cz\/wp-uploads\/2018\/10\/zm.IMG_4854-768x512.jpg 768w, https:\/\/mlz.frystacko.cz\/wp-uploads\/2018\/10\/zm.IMG_4854-1024x683.jpg 1024w, https:\/\/mlz.frystacko.cz\/wp-uploads\/2018\/10\/zm.IMG_4854.jpg 1200w\" sizes=\"auto, (max-width: 300px) 100vw, 300px\" \/>P\u00e1tek byl chodic\u00ed. Sjeli sme busmo ke Korytnici a p\u0159es Koz\u00ed chrb\u00e1t p\u011b\u0161ky zp\u011bt. Pohodov\u00e1 proch\u00e1zka, stromy \u010d\u00e1sto u\u017e do \u017eluta, tr\u00e1va such\u00e1 nebo v p\u0159\u00edprav\u011b na uschnut\u00ed, sem tam kytka, ob\u010das kon\u00edk&#8230; moc hezk\u00e9. (foukalo sice od jihu, ale jen velmi slab\u011b, tak\u017ee mi n\u00e1ladu nic nekazilo) A i pro netr\u00e9novan\u00e9 celkem nen\u00e1ro\u010dn\u00e9. Jen na n\u011bkter\u00fdch m\u00edstech bylo vid\u011bt, \u017ee i tu v l\u00e9t\u011b voda chyb\u011bla. \ud83d\ude41 P\u0159i p\u0159\u00edchodu do Donoval sem si v\u0161iml, \u017ee na svahu n\u011bkdo poletuje. Aj sem zva\u017eoval o\u017eelet ob\u011bd (ve 3) a vyl\u00e9zt tam za nima, ale ut\u011b\u0161oval sem se, \u017ee t\u0159eba z\u00edtra budou l\u00e9tat zas a ne\u017e bych tam do\u0161e, u\u017e by tam nemuseli b\u00fdt &#8230;. no nel\u00e9tali.<\/p>\n<p><img loading=\"lazy\" decoding=\"async\" class=\"alignleft size-medium wp-image-27151\" src=\"https:\/\/mlz.frystacko.cz\/wp-uploads\/2018\/10\/zm.IMG_5351-300x200.jpg\" alt=\"\" width=\"300\" height=\"200\" srcset=\"https:\/\/mlz.frystacko.cz\/wp-uploads\/2018\/10\/zm.IMG_5351-300x200.jpg 300w, https:\/\/mlz.frystacko.cz\/wp-uploads\/2018\/10\/zm.IMG_5351-100x67.jpg 100w, https:\/\/mlz.frystacko.cz\/wp-uploads\/2018\/10\/zm.IMG_5351-768x512.jpg 768w, https:\/\/mlz.frystacko.cz\/wp-uploads\/2018\/10\/zm.IMG_5351-1024x683.jpg 1024w, https:\/\/mlz.frystacko.cz\/wp-uploads\/2018\/10\/zm.IMG_5351.jpg 1200w\" sizes=\"auto, (max-width: 300px) 100vw, 300px\" \/>No a sobota byla l\u00e9tac\u00ed. Hrdinn\u011b sem prohl\u00e1sil, \u017ee aspo\u0148 jednou bych mohl sjezdovku vyl\u00e9zt (ikdy\u017e jela lanovka) &#8230; na &#8222;bat\u016f\u017eek&#8220; nalo\u017een\u00fd z v\u011bt\u0161\u00ed \u010d\u00e1sti kravinama (dob\u0159e mi tak), sem pov\u011bsil je\u0161t\u011b kufr s r\u00e1diem, abych m\u011bl voln\u011bj\u0161\u00ed ruky. Do t\u011bch p\u0159i\u0161el \u00fahledn\u00fd bal\u00ed\u010dek s Proximou (kdyby to bylo \u00fapln\u011b \u0161patn\u00e9) a s Dingem (kdyby to bylo jakkoliv jinak \ud83d\ude00 ) &#8230;. Hm. Odhadem dost p\u0159es 10kg na z\u00e1dech, 4kg v ruk\u00e1ch a trad\u00e1. A Monika to celou cestu musela poslouchat. \ud83d\ude00 (v\u00e1\u017e\u00edm si toho, \u017ee to nijak zle nekomentovala). Tak\u017ee t\u011bch &#8222;trapn\u00fdch&#8220; 500m sem m\u00edsto p\u00e1r minut, co to d\u00e1 lanovka, lezl necel\u00e9 2 hodiny&#8230; no z\u00e1\u017eitek zaslou\u017een\u00fd.<\/p>\n<p>Na svahu byla ale odm\u011bna. Anemometr ukazoval stabiln\u011b dvojcifern\u00e9 numera, 15m\/s bylo &#8222;norm\u00e1ln\u00ed&#8220;. Super. Proximu aj s baterkama sem teda t\u00e1hl zbyte\u010dn\u011b. <img src=\"https:\/\/mlz.frystacko.cz\/wp-includes\/images\/smilies\/mrgreen.png\" alt=\":mrgreen:\" class=\"wp-smiley\" style=\"height: 1em; max-height: 1em;\" \/> &#8230; hm&#8230; a bonusov\u00e9 kvichty do Dinga ostaly pod kopcem v in\u00e9m zavazadle. :\/ L\u00e9tal sem jen s t\u011bmi obl\u00edben\u00fdmi 400g, co ze spojky ani nevytahuju. Nosilo to jak div\u00e9. Cel\u00e1 jama. Kdy\u017e na to p\u0159i\u0161lo, v\u00fd\u0161ka \u0161la nab\u00edrat aj na z\u00e1dech&#8230;. a vytr\u00e1cet v kotrmelcoch. \ud83d\ude42 Kdo v\u00ed, co tyhle stroje snesou, si p\u0159edstavu ud\u011bl\u00e1. Prvn\u00ed p\u0159ist\u00e1n\u00ed po hodin\u011b. Asi 20 minut sem vozil aj kameru. Pak zase bez n\u00ed. Podm\u00ednky byly v\u00fdborn\u00e9, kamera nep\u0159ek\u00e1\u017eela. \ud83d\ude42 Odl\u00e9tal sem asi 3 hodiny, v\u00edcem\u00e9n\u011b v kuse. P\u0159ist\u00e1n\u00ed bez probl\u00e9m\u016f. Oble\u010den\u00ed, co bylo v batohu jsem nemusel pou\u017e\u00edt (co u\u017e, dal\u0161\u00ed v\u00e1ha v batohu zbyten\u011b \ud83d\ude42 ), slun\u00ed\u010dko se \u010dinilo. Sta\u010dila v\u00fdbava proti v\u011btru.<\/p>\n<p><img loading=\"lazy\" decoding=\"async\" class=\"alignright size-medium wp-image-27194\" src=\"https:\/\/mlz.frystacko.cz\/wp-uploads\/2018\/10\/20181006_133008-f036243-267x200.jpg\" alt=\"\" width=\"267\" height=\"200\" srcset=\"https:\/\/mlz.frystacko.cz\/wp-uploads\/2018\/10\/20181006_133008-f036243-267x200.jpg 267w, https:\/\/mlz.frystacko.cz\/wp-uploads\/2018\/10\/20181006_133008-f036243-100x75.jpg 100w, https:\/\/mlz.frystacko.cz\/wp-uploads\/2018\/10\/20181006_133008-f036243-768x576.jpg 768w, https:\/\/mlz.frystacko.cz\/wp-uploads\/2018\/10\/20181006_133008-f036243-1024x768.jpg 1024w, https:\/\/mlz.frystacko.cz\/wp-uploads\/2018\/10\/20181006_133008-f036243.jpg 1920w\" sizes=\"auto, (max-width: 267px) 100vw, 267px\" \/>Monika na severn\u00ed str\u00e1ni na\u0161la brusinky, ale u\u017e byly p\u0159ej\u00edt\u00e9 mrazem. Cesta z kopce byla, pravda, rychlej\u0161\u00ed, bo sem tak \u010dasto nezastavoval na lap\u00e1n\u00ed decha. V ka\u017ed\u00e9m p\u0159\u00edpad\u011b ruky sem m\u011bl vytahan\u00e9 jak op\u00edca aj tak. \ud83d\ude42 Ve\u010de\u0159a op\u011bt na Goralu&#8230;. nepublikuji, Hladi\u0161\u00a0 by zase p\u0159ibral jen z obr\u00e1zku. \ud83d\ude1b<\/p>\n<p>No a ned\u011ble byla u\u017e jen na sbalen\u00ed a cestu zp\u011bt. Bylo m\u00edrn\u011b zata\u017eeno, ale nic hrozn\u00e9ho. Pod \u017dilinou Monika stihla cvaknout aj jak\u00e9hosi Blan\u00edka nebo co to bylo&#8230; \ud83d\ude42<\/p>\n<p>A statistika, pro z\u00e1jemce: Ubytov\u00e1n\u00ed na Magu\u0159e je na podzim 11eur za osobu\/noc (+0,5eur m\u00edstn\u00ed da\u0148). Hospoda na Magu\u0159e v provozu JEN o v\u00edkendu, otv\u00edr\u00e1 v 8, zav\u00edr\u00e1 ve 4 (!) , v z\u00e1\u0159\u00ed pr\u00fd v 5. Tot\u00e9\u017e lanovka &#8211; posledn\u00ed j\u00edzda je v \u0159\u00edjnu ve 4. Goral funguje celoro\u010dn\u011b, ale dietn\u00ed to teda n\u00e9ni. Svah na l\u00e9t\u00e1n\u00ed nem\u00e1 zav\u00edrac\u00ed hodiny, tak\u017ee pokud V\u00e1m nevad\u00ed t\u011bch slab\u00fdch 500m (ehm&#8230; na v\u00fd\u0161ku), sta\u010d\u00ed kdy\u017e foukne. A t\u00e9 ji\u017en\u00ed str\u017ei sta\u010d\u00ed opravdu m\u00e1lo, aby to uneslo aj tele. \ud83d\ude42<\/p>\n<p>Su moc r\u00e1d, \u017ee to takto prob\u011bhlo. P\u0159\u00ed\u0161t\u00ed rok bysme to r\u00e1di zopakovali, kdy\u017e vyjde po\u010das. \ud83d\ude42<\/p>\n","protected":false},"excerpt":{"rendered":"<p>Po letech se mi kone\u010dn\u011b zase poda\u0159ilo dostat na Donovaly na podzim. Neukrkal jsem nikoho, nemohli&#8230; (p\u0159\u00edpadn\u011b necht\u011bli) &#8230; co u\u017e. Ale zato do mne pak n\u011bkte\u0159\u00ed r\u00fdpali, kde jsou fotky&#8230; no tak tu. Dob\u0159e V\u00e1m tak.<\/p>\n","protected":false},"author":3,"featured_media":0,"comment_status":"open","ping_status":"closed","sticky":false,"template":"","format":"standard","meta":{"footnotes":""},"categories":[21],"tags":[],"class_list":["post-27095","post","type-post","status-publish","format-standard","hentry","category-svah"],"_links":{"self":[{"href":"https:\/\/mlz.frystacko.cz\/index.php?rest_route=\/wp\/v2\/posts\/27095","targetHints":{"allow":["GET"]}}],"collection":[{"href":"https:\/\/mlz.frystacko.cz\/index.php?rest_route=\/wp\/v2\/posts"}],"about":[{"href":"https:\/\/mlz.frystacko.cz\/index.php?rest_route=\/wp\/v2\/types\/post"}],"author":[{"embeddable":true,"href":"https:\/\/mlz.frystacko.cz\/index.php?rest_route=\/wp\/v2\/users\/3"}],"replies":[{"embeddable":true,"href":"https:\/\/mlz.frystacko.cz\/index.php?rest_route=%2Fwp%2Fv2%2Fcomments&post=27095"}],"version-history":[{"count":4,"href":"https:\/\/mlz.frystacko.cz\/index.php?rest_route=\/wp\/v2\/posts\/27095\/revisions"}],"predecessor-version":[{"id":27237,"href":"https:\/\/mlz.frystacko.cz\/index.php?rest_route=\/wp\/v2\/posts\/27095\/revisions\/27237"}],"wp:attachment":[{"href":"https:\/\/mlz.frystacko.cz\/index.php?rest_route=%2Fwp%2Fv2%2Fmedia&parent=27095"}],"wp:term":[{"taxonomy":"category","embeddable":true,"href":"https:\/\/mlz.frystacko.cz\/index.php?rest_route=%2Fwp%2Fv2%2Fcategories&post=27095"},{"taxonomy":"post_tag","embeddable":true,"href":"https:\/\/mlz.frystacko.cz\/index.php?rest_route=%2Fwp%2Fv2%2Ftags&post=27095"}],"curies":[{"name":"wp","href":"https:\/\/api.w.org\/{rel}","templated":true}]}}