{"id":27622,"date":"2018-11-28T15:46:14","date_gmt":"2018-11-28T14:46:14","guid":{"rendered":"https:\/\/mlz.frystacko.cz\/?p=27622"},"modified":"2019-02-20T06:38:59","modified_gmt":"2019-02-20T05:38:59","slug":"v-teple-pod-strechou-a-bez-pruvanu","status":"publish","type":"post","link":"https:\/\/mlz.frystacko.cz\/?p=27622","title":{"rendered":"V teple, pod st\u0159echou a bez pr\u016fvanu"},"content":{"rendered":"<p><img loading=\"lazy\" decoding=\"async\" class=\"alignleft size-thumbnail wp-image-27635\" src=\"https:\/\/mlz.frystacko.cz\/wp-uploads\/2018\/11\/P1210489-3_res-100x30.jpg\" alt=\"\" width=\"100\" height=\"30\" srcset=\"https:\/\/mlz.frystacko.cz\/wp-uploads\/2018\/11\/P1210489-3_res-100x30.jpg 100w, https:\/\/mlz.frystacko.cz\/wp-uploads\/2018\/11\/P1210489-3_res-300x90.jpg 300w, https:\/\/mlz.frystacko.cz\/wp-uploads\/2018\/11\/P1210489-3_res-768x231.jpg 768w, https:\/\/mlz.frystacko.cz\/wp-uploads\/2018\/11\/P1210489-3_res-1024x308.jpg 1024w, https:\/\/mlz.frystacko.cz\/wp-uploads\/2018\/11\/P1210489-3_res.jpg 1770w\" sizes=\"auto, (max-width: 100px) 100vw, 100px\" \/>&#8230; tak\u017ee v hale. Kde? V Otrokovic\u00edch, v <a href=\"http:\/\/www.tehosotrokovice.cz\/mestska-hala\/ds-53\/p1=1070\">M\u011bstsk\u00e9 sportovn\u00ed hale<\/a>. Se mi to tak n\u011bjak nachomejtlo.<\/p>\n<p><!--more--><\/p>\n<p>Odpoledne mi psal Petr Msk., \u017ee od 19.30 hod. bude l\u00edtat s nov\u00fdm (bazarov\u00fdm) hal\u00e1kem a \u017ee to bude jeho prvn\u00ed let. P\u0159ece v tom kamar\u00e1da nenech\u00e1m samotn\u00e9ho. Nabil jsem baterky jak do fo\u0165\u00e1ku, tak i do letadla. No jo, ale j\u00e1 p\u0159ece nem\u00e1m halov\u00e9ho speci\u00e1la. Co s t\u00edm? Tak vezmu to nejmen\u0161\u00ed. Co\u017e je v m\u00e9m p\u0159\u00edpad\u011b dvouplo\u0161n\u00edk Ultimate X3 s rozp\u011bt\u00edm 1 m a v\u00e1hou, no p\u0159esn\u011b ani nev\u00edm, ale asi n\u011bkde kolem 3\/4 kg a mo\u017en\u00e1 je\u0161t\u011b kousek +. Hal\u00e1ky maj\u00ed tak v pr\u016fm\u011bru 120 &#8211; 150 g. Tak\u017ee podle v\u00e1hy jsem to m\u011bl jak t\u011b\u017ek\u00fd halov\u00fd bombard\u00e9r.<\/p>\n<p>Petr p\u0159ipravil stroj, postavil se na zna\u010dku, spustil motor, sev\u0159el pat\u0159i\u010dn\u00e9 svalov\u00e9 partie ( &#8230; t\u0159eba za\u0165al zuby, kdo v\u00ed?). Spustil jsem nahr\u00e1v\u00e1n\u00ed &#8230; a l\u00edtal. M\u011bl sice trochu obavy, ale z\u00e1rove\u0148 i velkou radost.<\/p>\n<p>Hala je fakt velik\u00e1, tak\u017ee se l\u00edt\u00e1 ve dvou sou\u010dasn\u011b, ka\u017ed\u00fd na sv\u00e9 p\u016flce. Mysl\u00edm, \u017ee bylo asi 8 pilot\u016f. Jo a l\u00edt\u00e1 se do 21.00 hod., tak\u017ee na ka\u017ed\u00e9ho se dostalo. I kdy\u017e ta ho\u010fka a p\u016fl h\u00f3dn\u011b rychle ub\u011bhla. A dostalo se i na m\u016fj halov\u00fd bombard\u00e9r. Trochu jsem pol\u00edtal, hlavn\u011b levoto\u010div\u00e9 zat\u00e1\u010dky &#8211; to\u010dil jsem se tam s t\u00edm furt dokola, jak Ka\u010da v \u010depici. Ta v\u00e1ha p\u0159ece jen pot\u0159ebuje trochu prostoru a bylo to poprv\u00e9. Na leti\u0161ti s t\u00edm taky nel\u00edt\u00e1m b\u016fhv\u00edco, tak\u017ee to ode m\u011b byla zna\u010dn\u00e1 drzost, p\u0159ij\u00edt s t\u00edm do haly. 2x jsem ud\u011blal i v\u00fdkrut. A u\u017e jsem to i opravil (lepidlem).<\/p>\n<p>Petr s t\u00edm sv\u00fdm trochu \u0165ukl o zem, ale jen malinko, tak\u017ee kapka CA to hned spravila a ke konci, \u017ee bych s t\u00edm sv\u00fdm m\u011bl taky n\u011bco tentononc, a\u0165 v tom t\u0159\u00edsk\u00e1n\u00ed o zem nen\u00ed s\u00e1m, kdy\u017e jsem ho p\u0159ijel podpo\u0159it. A jak \u0159ekl, tak se i stalo. Dostal jsem Petra do zam\u011b\u0159ova\u010de a &#8230; neutekl mi.<\/p>\n<p>Na z\u00e1v\u011br ale p\u0159i\u0161lo halov\u00e9 peklo! V\u0161echna letu schopn\u00e1 letadla \u0161la do vzduchu sou\u010dasn\u011b. No to v\u00e1m byl mazec. Halov\u00fd &#8222;kombat&#8220; bez stuh. Na fotk\u00e1ch to nen\u00ed ono, tak jsem z toho st\u0159ihnul i samostatn\u00e9 kr\u00e1tk\u00e9 video. Uk\u00e1zalo se, \u017ee n\u011bkter\u00e1 letadla dokonce l\u00e9tala l\u00e9pe po st\u0159etu ne\u017e p\u0159ed n\u00edm, to kdy\u017e se n\u00e1razem o\u010desaly p\u0159ebyte\u010dn\u00e9 kusy EPP a letadlo se tak odleh\u010dilo. A v jin\u00e9m p\u0159\u00edpad\u011b se uk\u00e1zalo, \u017ee &#8230; to mus\u00edte vid\u011bt. Do p\u016flky d\u00e9lky k\u0159\u00eddla odtr\u017een\u00e9 k\u0159id\u00e9lko, kter\u00e9 se zkroutilo nahoru a tr\u010delo jak hodn\u011b <a href=\"https:\/\/www.youtube.com\/watch?v=5TKXJQ9xIY0\">free winglet<\/a>. A jak to po takov\u00e9m tunningu l\u00e9talo? Dle pilota, \u00fapln\u011b norm\u00e1ln\u011b jako p\u0159ed t\u00edm. Rovn\u011b, zat\u00e1\u010dky, v\u00fdkrut &#8211; nic nebyl probl\u00e9m &#8211; a pak si d\u011blejme starosti, aby se to p\u0159i lepen\u00ed nov\u00e9ho modelu p\u0159esn\u011b slepilo. V\u0161ak u\u017e je to takov\u00e1 ot\u0159epan\u00e1 fr\u00e1ze, \u017ee letadlo m\u00e1 b\u00fdt slepen\u00e9 k\u0159iv\u011b, aby l\u00edtalo p\u011bkn\u011b do zat\u00e1\u010dky.<\/p>\n<p>A abych nezapomn\u011bl. L\u00edtala i n\u00e1dhern\u00e1 mini (skoro mikro) <a href=\"https:\/\/www.youtube.com\/watch?v=99qnRo9HNVM\">Lazy Bee<\/a>. Kdy\u017e byla na druh\u00e9 stran\u011b haly (na \u0161\u00ed\u0159ku), tak nebyla skoro vid\u011bt.<\/p>\n<p>Tolik kr\u00e1tk\u00e9 zpravodajstv\u00ed z Ba\u0165ova.<\/p>\n<p>Zdrav\u00edm tak t\u00edmto v\u0161echny piloty, kte\u0159\u00ed v\u010dera v hale l\u00e9taly. A n\u011bkdy p\u0159\u00ed\u0161t\u011b zas!<\/p>\n<p>Fotky: <a href=\"https:\/\/czlusa.rajce.idnes.cz\/F3P_Otrokovice_27.11.2018\/\">czlusa.rajce<\/a><\/p>\n<p>video: <a href=\"https:\/\/www.youtube.com\/watch?v=Ufz0eXPATaE\">Petr &#8211; Extra 330<\/a><\/p>\n<p>video: <a href=\"https:\/\/www.youtube.com\/watch?v=2vuqU-L02ks\">pr\u016f\u0159ez ve\u010derem<\/a><\/p>\n<p>video: <a href=\"https:\/\/www.youtube.com\/watch?v=MNs_d9-6luQ\">Z\u00e1v\u011bre\u010dn\u00fd hromadn\u00fd let<\/a><\/p>\n<p>video: <a href=\"https:\/\/www.youtube.com\/watch?v=DMUhPwCguhQ\">Ultimate X3 | prvn\u00ed let v hale<\/a><\/p>\n<p>Fotky 19.2.219:\u00a0<a href=\"https:\/\/czlusa.rajce.idnes.cz\/F3P_Otrokovice_19.2.2019\/\">https:\/\/czlusa.rajce.idnes.cz\/F3P_Otrokovice_19.2.2019\/<\/a><\/p>\n<hr \/>\n<p>A je\u0161t\u011b omluva k fotk\u00e1m: Trochu jsem se p\u0159ed 2 dny vrtal ve fo\u0165\u00e1ku a z\u016fstal mi tam nastaven\u00fd re\u017eim makro, kter\u00fd se nastavuje jinde ne\u017e na horn\u00edm kole\u010dku \ud83d\ude41\u00a0 A ne\u017e jsem si toho v\u0161iml a zjistil, \u010d\u00edm to vlastn\u011b je, \u017ee to tak mizern\u011b fot\u00ed a zoomuje jen digit\u00e1ln\u011b, tak ub\u011bhlo hodn\u011b \u010dasu a napr\u00e1skal jsem hodn\u011b fotek a podle toho to taky tak vypad\u00e1.<\/p>\n","protected":false},"excerpt":{"rendered":"<p>&#8230; tak\u017ee v hale. Kde? V Otrokovic\u00edch, v M\u011bstsk\u00e9 sportovn\u00ed hale. Se mi to tak n\u011bjak nachomejtlo.<\/p>\n","protected":false},"author":13,"featured_media":0,"comment_status":"open","ping_status":"closed","sticky":false,"template":"","format":"standard","meta":{"footnotes":""},"categories":[7],"tags":[],"class_list":["post-27622","post","type-post","status-publish","format-standard","hentry","category-mimo"],"_links":{"self":[{"href":"https:\/\/mlz.frystacko.cz\/index.php?rest_route=\/wp\/v2\/posts\/27622","targetHints":{"allow":["GET"]}}],"collection":[{"href":"https:\/\/mlz.frystacko.cz\/index.php?rest_route=\/wp\/v2\/posts"}],"about":[{"href":"https:\/\/mlz.frystacko.cz\/index.php?rest_route=\/wp\/v2\/types\/post"}],"author":[{"embeddable":true,"href":"https:\/\/mlz.frystacko.cz\/index.php?rest_route=\/wp\/v2\/users\/13"}],"replies":[{"embeddable":true,"href":"https:\/\/mlz.frystacko.cz\/index.php?rest_route=%2Fwp%2Fv2%2Fcomments&post=27622"}],"version-history":[{"count":21,"href":"https:\/\/mlz.frystacko.cz\/index.php?rest_route=\/wp\/v2\/posts\/27622\/revisions"}],"predecessor-version":[{"id":28255,"href":"https:\/\/mlz.frystacko.cz\/index.php?rest_route=\/wp\/v2\/posts\/27622\/revisions\/28255"}],"wp:attachment":[{"href":"https:\/\/mlz.frystacko.cz\/index.php?rest_route=%2Fwp%2Fv2%2Fmedia&parent=27622"}],"wp:term":[{"taxonomy":"category","embeddable":true,"href":"https:\/\/mlz.frystacko.cz\/index.php?rest_route=%2Fwp%2Fv2%2Fcategories&post=27622"},{"taxonomy":"post_tag","embeddable":true,"href":"https:\/\/mlz.frystacko.cz\/index.php?rest_route=%2Fwp%2Fv2%2Ftags&post=27622"}],"curies":[{"name":"wp","href":"https:\/\/api.w.org\/{rel}","templated":true}]}}