{"id":27909,"date":"2019-01-09T00:20:34","date_gmt":"2019-01-08T23:20:34","guid":{"rendered":"https:\/\/mlz.frystacko.cz\/?p=27909"},"modified":"2019-01-12T00:27:35","modified_gmt":"2019-01-11T23:27:35","slug":"narodni-technicke-muzeum","status":"publish","type":"post","link":"https:\/\/mlz.frystacko.cz\/?p=27909","title":{"rendered":"N\u00e1rodn\u00ed technick\u00e9 muzeum"},"content":{"rendered":"<p><img loading=\"lazy\" decoding=\"async\" class=\"alignleft size-thumbnail wp-image-27914\" src=\"https:\/\/mlz.frystacko.cz\/wp-uploads\/2019\/01\/res_P1250402-100x56.jpg\" alt=\"\" width=\"100\" height=\"56\" srcset=\"https:\/\/mlz.frystacko.cz\/wp-uploads\/2019\/01\/res_P1250402-100x56.jpg 100w, https:\/\/mlz.frystacko.cz\/wp-uploads\/2019\/01\/res_P1250402-300x169.jpg 300w, https:\/\/mlz.frystacko.cz\/wp-uploads\/2019\/01\/res_P1250402-768x432.jpg 768w, https:\/\/mlz.frystacko.cz\/wp-uploads\/2019\/01\/res_P1250402-1024x576.jpg 1024w, https:\/\/mlz.frystacko.cz\/wp-uploads\/2019\/01\/res_P1250402.jpg 1200w\" sizes=\"auto, (max-width: 100px) 100vw, 100px\" \/>&#8230; aneb, mal\u00e1 exkurze do velk\u00e9ho <a href=\"http:\/\/www.ntm.cz\/\">muzea<\/a>.<\/p>\n<p><!--more--><\/p>\n<p>Stoj\u00ed to za shl\u00e9dnut\u00ed. Je tam tolik expon\u00e1t\u016f, \u017ee za chv\u00edli z toho jde hlava kolem. Hlavn\u011b jsem se zam\u011b\u0159il na dopravu a jak jinak, na ,,<a href=\"https:\/\/www.youtube.com\/watch?v=Ubzxp0GBq68\">letadla<\/a>&#8222;. I kdy\u017e jsem tedy p\u0159ed vstupem do hlavn\u00edho s\u00e1lu nejd\u0159\u00edve nav\u0161t\u00edvil v\u00fdstavu kol ,,<a href=\"https:\/\/www.youtube.com\/watch?v=fz1mtt7cowk\">Favorit<\/a>&#8222;.<\/p>\n<p>P\u0159i pl\u00e1nov\u00e1n\u00ed v\u00fdletu je pot\u0159eba po\u010d\u00edtat nejm\u00e9n\u011b s 2 hod. na prohl\u00eddku a i to bude hodn\u011b na knap. Expozice jsou instalov\u00e1ny v 5 patrech.<\/p>\n<p>Do galerie d\u00e1v\u00e1m jen p\u00e1r fotek. Pokud budete cht\u00edt vid\u011bt v\u00edce, tak na <a href=\"https:\/\/czlusa.rajce.idnes.cz\/Narodni_technicke_muzeum_Praha\/\">raj\u010deti<\/a>. Fotky jsem neskl\u00e1dal t\u00e9maticky (aspo\u0148 ne zat\u00edm), ale jak jsem proch\u00e1zel, tak jsem fotil. Tak\u017ee i ta letadla zav\u011b\u0161en\u00e1 pod stropem, jsou na konci vid\u011bt z vrchu.<\/p>\n<p>Fotky v\u00fdstavu nenahrad\u00ed, ale t\u0159eba budou motivac\u00ed k jej\u00ed n\u00e1v\u0161t\u011bv\u011b.<\/p>\n<p>video: <a href=\"https:\/\/www.youtube.com\/watch?v=gyUt2PQnOE4\">Supermarine Spitfire LF Mk.IXE<\/a><\/p>\n<p>video: <a href=\"https:\/\/www.youtube.com\/watch?v=wCc0F2mA6fA\">NTM | Fenom\u00e9n Favorit<\/a><\/p>\n<p>video: <a href=\"https:\/\/www.youtube.com\/watch?v=ZMGihQ9vNIg\">kolo z bambusu<\/a><\/p>\n","protected":false},"excerpt":{"rendered":"<p>&#8230; aneb, mal\u00e1 exkurze do velk\u00e9ho muzea.<\/p>\n","protected":false},"author":13,"featured_media":0,"comment_status":"open","ping_status":"closed","sticky":false,"template":"","format":"standard","meta":{"footnotes":""},"categories":[7],"tags":[],"class_list":["post-27909","post","type-post","status-publish","format-standard","hentry","category-mimo"],"_links":{"self":[{"href":"https:\/\/mlz.frystacko.cz\/index.php?rest_route=\/wp\/v2\/posts\/27909","targetHints":{"allow":["GET"]}}],"collection":[{"href":"https:\/\/mlz.frystacko.cz\/index.php?rest_route=\/wp\/v2\/posts"}],"about":[{"href":"https:\/\/mlz.frystacko.cz\/index.php?rest_route=\/wp\/v2\/types\/post"}],"author":[{"embeddable":true,"href":"https:\/\/mlz.frystacko.cz\/index.php?rest_route=\/wp\/v2\/users\/13"}],"replies":[{"embeddable":true,"href":"https:\/\/mlz.frystacko.cz\/index.php?rest_route=%2Fwp%2Fv2%2Fcomments&post=27909"}],"version-history":[{"count":10,"href":"https:\/\/mlz.frystacko.cz\/index.php?rest_route=\/wp\/v2\/posts\/27909\/revisions"}],"predecessor-version":[{"id":27933,"href":"https:\/\/mlz.frystacko.cz\/index.php?rest_route=\/wp\/v2\/posts\/27909\/revisions\/27933"}],"wp:attachment":[{"href":"https:\/\/mlz.frystacko.cz\/index.php?rest_route=%2Fwp%2Fv2%2Fmedia&parent=27909"}],"wp:term":[{"taxonomy":"category","embeddable":true,"href":"https:\/\/mlz.frystacko.cz\/index.php?rest_route=%2Fwp%2Fv2%2Fcategories&post=27909"},{"taxonomy":"post_tag","embeddable":true,"href":"https:\/\/mlz.frystacko.cz\/index.php?rest_route=%2Fwp%2Fv2%2Ftags&post=27909"}],"curies":[{"name":"wp","href":"https:\/\/api.w.org\/{rel}","templated":true}]}}