{"id":28090,"date":"2019-02-09T20:48:10","date_gmt":"2019-02-09T19:48:10","guid":{"rendered":"https:\/\/mlz.frystacko.cz\/?p=28090"},"modified":"2019-02-11T23:21:28","modified_gmt":"2019-02-11T22:21:28","slug":"olsina-53","status":"publish","type":"post","link":"https:\/\/mlz.frystacko.cz\/?p=28090","title":{"rendered":"Ol\u0161ina&#8230;"},"content":{"rendered":"<p><img loading=\"lazy\" decoding=\"async\" class=\"alignleft size-thumbnail wp-image-28110\" src=\"https:\/\/mlz.frystacko.cz\/wp-uploads\/2019\/02\/zm.a_IMG_9731-100x67.jpg\" alt=\"\" width=\"100\" height=\"67\" srcset=\"https:\/\/mlz.frystacko.cz\/wp-uploads\/2019\/02\/zm.a_IMG_9731-100x67.jpg 100w, https:\/\/mlz.frystacko.cz\/wp-uploads\/2019\/02\/zm.a_IMG_9731-300x200.jpg 300w, https:\/\/mlz.frystacko.cz\/wp-uploads\/2019\/02\/zm.a_IMG_9731-768x512.jpg 768w, https:\/\/mlz.frystacko.cz\/wp-uploads\/2019\/02\/zm.a_IMG_9731-1024x683.jpg 1024w, https:\/\/mlz.frystacko.cz\/wp-uploads\/2019\/02\/zm.a_IMG_9731.jpg 1200w\" sizes=\"auto, (max-width: 100px) 100vw, 100px\" \/>A zase&#8230; fouk\u00e1 juch, tak se de na kopec&#8230;. pot\u0159ebuji si ov\u011b\u0159it, jestli je Dingo\u0161 slepen\u00fd aspo\u0148 pou\u017eiteln\u011b, kdy\u017e u\u017e n\u00e9 spr\u00e1vn\u011b. \ud83d\ude42<\/p>\n<p>Edit: v ned\u011blu sme se tam se\u0161li aj s \u0160\u00e1\u0161ulou, tak\u017ee bylo veselej&#8230; p\u0159ibyly fotky \ud83d\ude42<!--more-->Minule sem tam byl s\u00e1m a dnes taky. Minule mi nem\u011bl kdo pomoct oplak\u00e1vat&#8230; dnes to, na\u0161t\u011bst\u00ed, nebylo pot\u0159eba. \ud83d\ude42 N\u011bco to d\u011bl\u00e1, propad\u00e1n\u00ed v lev\u00e9 zat\u00e1\u010dce p\u0159isuzuju z\u00e1padn\u011bj\u0161\u00edmu v\u011btru&#8230; zat\u00edm.<\/p>\n<p>Foukat m\u011blo jen lehce, m\u00edrn\u011b od z\u00e1padu. Foukalo dob\u0159e, m\u00edrn\u011b od z\u00e1padu. Pol\u00e9tal sem asi 3\/4 hodiny, ne\u017e mi vypli v\u011btr. Dingo n\u011bjak funguje, je\u0161t\u011b je p\u0159\u00edle\u017eitost laborovat s t\u011b\u017ei\u0161t\u011bm. Slunko sv\u00edtilo jak div\u00e9, teplo u\u017e bylo p\u0159\u00edjemn\u00e9&#8230; ta beru\u0161ka aj pob\u00edhala. \ud83d\ude42<\/p>\n<p>Parkovi\u0161t\u011b p\u0159ed rybn\u00edkem pr\u00e1zdn\u00e9, ale upraven\u00e9 jako v\u017edy. Louka u rybn\u00edka pod sn\u011bhem. Pole pod bahnem. <img src=\"https:\/\/mlz.frystacko.cz\/wp-includes\/images\/smilies\/mrgreen.png\" alt=\":mrgreen:\" class=\"wp-smiley\" style=\"height: 1em; max-height: 1em;\" \/> Na kopec sem za m\u00edrn\u00e9ho pochrocht\u00e1v\u00e1n\u00ed nakonec vysup\u011bl&#8230; t\u00e1hl sem krom Dinga rad\u011bji aj SSL&#8230;. nedo\u0161lo na n\u011bj. \ud83d\ude42<\/p>\n<p>Svah je bez sn\u011bhu, slunko se \u010dinilo, tak\u017ee bylo dob\u0159e&#8230; a kdy\u017e pak zdechl v\u011btr, bylo to a\u017e moc. :\/ P\u0159eci jen sem byl navle\u010den\u00fd na zimu&#8230;<\/p>\n<p>Fajn. Cesta zp\u011bt prob\u00edhala obr\u00e1cen\u011b &#8211; sej\u00edt z kopce \u0161lo, bo boty zat\u00edm trochu oschly. Na poli bahno, boty jak malovan\u00e9&#8230; ale na louce u rybn\u00edka se to hezky opl\u00e1chlo o mokr\u00fd sn\u00edh. Douf\u00e1m, \u017ee z\u00edtra tam ten sn\u00edh je\u0161t\u011b bude&#8230;. foukat m\u00e1. \ud83d\ude42 Do auta sem m\u011bl sice p\u0159ez\u016fvky zbyte\u010dn\u011b, ale na z\u00edt\u0159ek si je rad\u011bji op\u011bt beru. \ud83d\ude42 Fotograf op\u011bt nem\u011bl voln\u00e9 ruky&#8230; tak m\u00e1te sm\u016flu. \ud83d\ude1b<\/p>\n<hr \/>\n<p>Edit: ned\u011bla byla &#8222;sl\u00edben\u00e1&#8220; v\u011btrn\u011bj\u0161\u00ed a teplej\u0161\u00ed&#8230; v\u00fdsledek byl tak trochu od ka\u017ed\u00e9ho&#8230; ze za\u010d\u00e1tku n\u00e1m chv\u00edlama aj nefoukalo, ob\u010das pofukovalo dob\u0159e, postupn\u011b se to zlep\u0161ovalo&#8230;\u00a0 slunko vesm\u011bs zalezl\u00e9, tak\u017ee pocitov\u011b to bylo slab\u0161\u00ed jak sobota, ale l\u00e9tali sme oba a p\u0159ist\u00e1vali bez nep\u0159\u00edjemnost\u00ed (by\u0165 ob\u010das v p\u016flce kopca, ale epoxid z\u016fstane tentokr\u00e1t v pixli :mrgreen:) \u010cerven\u00e1 Fosa je vid\u011bt l\u00edp, proti tomu ter\u00e9nu&#8230; ikdy\u017e m\u011bl Dingo aspo\u0148 \u010derven\u00e9 polepy, nebylo to ono. \ud83d\ude09<\/p>\n<p>Fotograf\u016f bylo dost, tak\u017ee fotek je taky&#8230; dost. \ud83d\ude42\u00a0 P\u0159\u00ed\u0161t\u011b zas&#8230; jen je\u0161t\u011b nev\u00edme kdy p\u0159\u00ed\u0161t\u011b&#8230; \ud83d\ude1b<\/p>\n","protected":false},"excerpt":{"rendered":"<p>A zase&#8230; fouk\u00e1 juch, tak se de na kopec&#8230;. pot\u0159ebuji si ov\u011b\u0159it, jestli je Dingo\u0161 slepen\u00fd aspo\u0148 pou\u017eiteln\u011b, kdy\u017e u\u017e n\u00e9 spr\u00e1vn\u011b. \ud83d\ude42 Edit: v ned\u011blu sme se tam se\u0161li aj s \u0160\u00e1\u0161ulou, tak\u017ee bylo veselej&#8230; p\u0159ibyly fotky \ud83d\ude42<\/p>\n","protected":false},"author":3,"featured_media":0,"comment_status":"open","ping_status":"closed","sticky":false,"template":"","format":"standard","meta":{"footnotes":""},"categories":[21],"tags":[],"class_list":["post-28090","post","type-post","status-publish","format-standard","hentry","category-svah"],"_links":{"self":[{"href":"https:\/\/mlz.frystacko.cz\/index.php?rest_route=\/wp\/v2\/posts\/28090","targetHints":{"allow":["GET"]}}],"collection":[{"href":"https:\/\/mlz.frystacko.cz\/index.php?rest_route=\/wp\/v2\/posts"}],"about":[{"href":"https:\/\/mlz.frystacko.cz\/index.php?rest_route=\/wp\/v2\/types\/post"}],"author":[{"embeddable":true,"href":"https:\/\/mlz.frystacko.cz\/index.php?rest_route=\/wp\/v2\/users\/3"}],"replies":[{"embeddable":true,"href":"https:\/\/mlz.frystacko.cz\/index.php?rest_route=%2Fwp%2Fv2%2Fcomments&post=28090"}],"version-history":[{"count":9,"href":"https:\/\/mlz.frystacko.cz\/index.php?rest_route=\/wp\/v2\/posts\/28090\/revisions"}],"predecessor-version":[{"id":28188,"href":"https:\/\/mlz.frystacko.cz\/index.php?rest_route=\/wp\/v2\/posts\/28090\/revisions\/28188"}],"wp:attachment":[{"href":"https:\/\/mlz.frystacko.cz\/index.php?rest_route=%2Fwp%2Fv2%2Fmedia&parent=28090"}],"wp:term":[{"taxonomy":"category","embeddable":true,"href":"https:\/\/mlz.frystacko.cz\/index.php?rest_route=%2Fwp%2Fv2%2Fcategories&post=28090"},{"taxonomy":"post_tag","embeddable":true,"href":"https:\/\/mlz.frystacko.cz\/index.php?rest_route=%2Fwp%2Fv2%2Ftags&post=28090"}],"curies":[{"name":"wp","href":"https:\/\/api.w.org\/{rel}","templated":true}]}}