{"id":28198,"date":"2019-02-16T19:39:47","date_gmt":"2019-02-16T18:39:47","guid":{"rendered":"https:\/\/mlz.frystacko.cz\/?p=28198"},"modified":"2019-02-17T21:03:23","modified_gmt":"2019-02-17T20:03:23","slug":"sobota-na-letisti","status":"publish","type":"post","link":"https:\/\/mlz.frystacko.cz\/?p=28198","title":{"rendered":"Sobota na leti\u0161ti&#8230; a ned\u011bla."},"content":{"rendered":"<p><img loading=\"lazy\" decoding=\"async\" class=\"alignleft size-thumbnail wp-image-28202\" src=\"https:\/\/mlz.frystacko.cz\/wp-uploads\/2019\/02\/zm.IMG_0738-100x67.jpg\" alt=\"\" width=\"100\" height=\"67\" srcset=\"https:\/\/mlz.frystacko.cz\/wp-uploads\/2019\/02\/zm.IMG_0738-100x67.jpg 100w, https:\/\/mlz.frystacko.cz\/wp-uploads\/2019\/02\/zm.IMG_0738-300x200.jpg 300w, https:\/\/mlz.frystacko.cz\/wp-uploads\/2019\/02\/zm.IMG_0738-768x512.jpg 768w, https:\/\/mlz.frystacko.cz\/wp-uploads\/2019\/02\/zm.IMG_0738-1024x683.jpg 1024w, https:\/\/mlz.frystacko.cz\/wp-uploads\/2019\/02\/zm.IMG_0738.jpg 1200w\" sizes=\"auto, (max-width: 100px) 100vw, 100px\" \/>No a ud\u011blalo se n\u00e1m zase moc hezky. Michal rozes\u00edlal nedo\u010dkav\u00e9 sms u\u017e od r\u00e1na&#8230; \ud83d\ude42<br \/>\nEdit: p\u0159idal sem p\u00e1r fotek\u00a0 ned\u011ble.<\/p>\n<p><!--more-->Teplota skoro letn\u00ed. Slunko sv\u00edtilo, v\u011btr \u017e\u00e1dn\u00fd&#8230;. Auto se mi &#8222;nechtelo&#8220; br\u00e1t.. Fabia jela na oslavu a Pud\u017eot byl \u010derstv\u011b umyt&#8230; a proto\u017ee jsem \u010dekal na stoj\u00e1nce zradu, nem\u011bl sem odvahu p\u0159iv\u00e9zt ho zahnojen\u00e9ho. Bylo teplo&#8230; vyt\u00e1hl sem kolo, za n\u011bj vozejk, Proximu a trad\u00e1. \ud83d\ude42<\/p>\n<p>Na leti\u0161ti u\u017e bylo veselo a postupn\u011b se sj\u00ed\u017ed\u011bli dal\u0161\u00ed.\u00a0 Hnojek byl c\u00edtit u\u017e od \u017dab\u00e1rny&#8230;. ale podle toho, co tvrdili pam\u011btn\u00edci dn\u00ed p\u0159edchoz\u00edch, u\u017e to bylo ne\u0161kodn\u00e9&#8230; \ud83d\ude44 Bohu\u017eel to vypadalo, \u017ee stroj hnojek-rozv\u00e1\u017eej\u00edc\u00ed se oto\u010dil aj u n\u00e1s. :-\/<\/p>\n<p>Pol\u00e9tali sme byteln\u011b&#8230; a n\u011bkte\u0159\u00ed poukazovali na to, \u017ee v ned\u011blu m\u00e1 b\u00fdt taky tak hezky&#8230;. \ud83d\ude42<\/p>\n<p>Za \u0161tr\u016fdl d\u011bkujeme, st\u00ed\u017enosti nebyly. \ud83d\ude42<\/p>\n<hr \/>\n<p>Edit: P\u0159idal sem p\u00e1r fotek z ned\u011ble. Hezky bylo \u00fapln\u011b stejn\u011b a l\u00e9talo se taky. Jen se n\u00e1s se\u0161lo m\u00ed\u0148 &#8222;nar\u00e1z&#8220;. Sp\u00ed\u0161 sme se postupn\u011b prost\u0159\u00eddali. \ud83d\ude42<\/p>\n","protected":false},"excerpt":{"rendered":"<p>No a ud\u011blalo se n\u00e1m zase moc hezky. Michal rozes\u00edlal nedo\u010dkav\u00e9 sms u\u017e od r\u00e1na&#8230; \ud83d\ude42 Edit: p\u0159idal sem p\u00e1r fotek\u00a0 ned\u011ble.<\/p>\n","protected":false},"author":3,"featured_media":0,"comment_status":"open","ping_status":"closed","sticky":false,"template":"","format":"standard","meta":{"footnotes":""},"categories":[18],"tags":[],"class_list":["post-28198","post","type-post","status-publish","format-standard","hentry","category-provoz-na-letisti"],"_links":{"self":[{"href":"https:\/\/mlz.frystacko.cz\/index.php?rest_route=\/wp\/v2\/posts\/28198","targetHints":{"allow":["GET"]}}],"collection":[{"href":"https:\/\/mlz.frystacko.cz\/index.php?rest_route=\/wp\/v2\/posts"}],"about":[{"href":"https:\/\/mlz.frystacko.cz\/index.php?rest_route=\/wp\/v2\/types\/post"}],"author":[{"embeddable":true,"href":"https:\/\/mlz.frystacko.cz\/index.php?rest_route=\/wp\/v2\/users\/3"}],"replies":[{"embeddable":true,"href":"https:\/\/mlz.frystacko.cz\/index.php?rest_route=%2Fwp%2Fv2%2Fcomments&post=28198"}],"version-history":[{"count":3,"href":"https:\/\/mlz.frystacko.cz\/index.php?rest_route=\/wp\/v2\/posts\/28198\/revisions"}],"predecessor-version":[{"id":28254,"href":"https:\/\/mlz.frystacko.cz\/index.php?rest_route=\/wp\/v2\/posts\/28198\/revisions\/28254"}],"wp:attachment":[{"href":"https:\/\/mlz.frystacko.cz\/index.php?rest_route=%2Fwp%2Fv2%2Fmedia&parent=28198"}],"wp:term":[{"taxonomy":"category","embeddable":true,"href":"https:\/\/mlz.frystacko.cz\/index.php?rest_route=%2Fwp%2Fv2%2Fcategories&post=28198"},{"taxonomy":"post_tag","embeddable":true,"href":"https:\/\/mlz.frystacko.cz\/index.php?rest_route=%2Fwp%2Fv2%2Ftags&post=28198"}],"curies":[{"name":"wp","href":"https:\/\/api.w.org\/{rel}","templated":true}]}}