{"id":28289,"date":"2019-02-25T14:25:23","date_gmt":"2019-02-25T13:25:23","guid":{"rendered":"https:\/\/mlz.frystacko.cz\/?p=28289"},"modified":"2019-02-25T14:39:17","modified_gmt":"2019-02-25T13:39:17","slug":"hendela","status":"publish","type":"post","link":"https:\/\/mlz.frystacko.cz\/?p=28289","title":{"rendered":"Ned\u011bla&#8230;."},"content":{"rendered":"<p><img loading=\"lazy\" decoding=\"async\" class=\"alignleft size-thumbnail wp-image-28305\" src=\"https:\/\/mlz.frystacko.cz\/wp-uploads\/2019\/02\/zm.IMG_0896-100x67.jpg\" alt=\"\" width=\"100\" height=\"67\" srcset=\"https:\/\/mlz.frystacko.cz\/wp-uploads\/2019\/02\/zm.IMG_0896-100x67.jpg 100w, https:\/\/mlz.frystacko.cz\/wp-uploads\/2019\/02\/zm.IMG_0896-300x200.jpg 300w, https:\/\/mlz.frystacko.cz\/wp-uploads\/2019\/02\/zm.IMG_0896-768x512.jpg 768w, https:\/\/mlz.frystacko.cz\/wp-uploads\/2019\/02\/zm.IMG_0896-1024x683.jpg 1024w, https:\/\/mlz.frystacko.cz\/wp-uploads\/2019\/02\/zm.IMG_0896.jpg 1200w\" sizes=\"auto, (max-width: 100px) 100vw, 100px\" \/>Oproti minul\u00e9mu v\u00edkendu bylo na spoustu lid\u00ed asi zima, tak\u017ee sme tam nakonec byli cel\u00ed dva.<\/p>\n<p><!--more-->Tak n\u011bjak to p\u0159ipom\u00ednalo \u0160imkoGrosmanovsk\u00e9&#8230;.Kapela nebyla z nejpo\u010detn\u011bj\u0161\u00edch, ale oba muzikanti, harmonik\u00e1\u0159 a dirigent, d\u011blali co mohli. \ud83d\ude42<\/p>\n<p>Plocha byla ztuhl\u00e1, ne\u010dvachtav\u00e1&#8230;. tvar dr\u017eela hrbat\u00fd. V\u011btr skoro \u017e\u00e1dn\u00fd. Z m\u00edrn\u011b zata\u017een\u00e9 oblohy nalozili ber\u00e1nci a pak i slunko za\u010dalo vykukovat&#8230;<\/p>\n<p>No. \u0160\u00e1\u0161ulovo sobotn\u00ed svahov\u00e1n\u00ed sem na(ne)\u0161t\u011bst\u00ed pro\u0161vihl jinou \u010dinnost\u00ed a v ned\u011blu u\u017e to na svah u n\u00e1s moc nebylo&#8230; vzal sem Proximu a Prase. Prase teda dostalo u\u017e kole\u010dka a p\u0159i pokusu o p\u0159ist\u00e1n\u00ed (p\u016fvodn\u011b na cestu :mrgreen:) o n\u011b zase <a href=\"https:\/\/mlz.frystacko.cz\/wp-uploads\/2019\/02\/zm_IMG_20190224_163615.jpg\" target=\"_blank\" rel=\"noopener noreferrer\">p\u0159i\u0161lo<\/a>. V mal\u00e9 rychlosti u\u017e sjelo vedle a lehce si lehlo, nic hrozn\u00e9ho, je zvykl\u00e9. Si v pond\u011bl\u00ed zajdu pro epoxid, probl\u00e9m by to b\u00fdt nem\u011bl. \ud83d\ude42 Proxima l\u00e9tala bez probl\u00e9m\u016f&#8230; na t\u00e9 jsem podvozek snad je\u0161t\u011b nikdy neurazil. \ud83d\ude44<\/p>\n<p>A\u017e po incidentu p\u0159ijel Mira&#8230; p\u0159i\u0161el o kino, dob\u0159e mu tak. \ud83d\ude42 S mal\u00fdm akrob\u00e1tkem (pr\u00fd podle Fary) a s Fu\u0148manem&#8230; (Minimag). Akrob\u00e1tka pr\u00fd jen &#8222;zkus\u00ed projet&#8220;, \u017ee se na n\u011bho je\u0161t\u011b nec\u00edt\u00ed&#8230;a takov\u00e9 ty \u0159e\u010di&#8230;. heh. Dal za odpoledne dva bezprobl\u00e9mov\u00e9 starty. \ud83d\ude00\u00a0 Prokl\u00e1dal to hornoplo\u0161n\u00edkem a jedin\u00e9 na co remcal byla vlezl\u00e1 zima.<\/p>\n<p>Po p\u016fl pat\u00e9, je\u0161t\u011b za sv\u011btla sme to sbalili a jelo se dom. P\u0159\u00ed\u0161t\u011b t\u0159eba zas, mo\u017en\u00e1 (snad) za vy\u0161\u0161\u00ed teploty&#8230;. v l\u00e9t\u011b zase budem mr\u010det, \u017ee je moc horko&#8230; :\/<\/p>\n","protected":false},"excerpt":{"rendered":"<p>Oproti minul\u00e9mu v\u00edkendu bylo na spoustu lid\u00ed asi zima, tak\u017ee sme tam nakonec byli cel\u00ed dva.<\/p>\n","protected":false},"author":3,"featured_media":0,"comment_status":"open","ping_status":"closed","sticky":false,"template":"","format":"standard","meta":{"footnotes":""},"categories":[18],"tags":[],"class_list":["post-28289","post","type-post","status-publish","format-standard","hentry","category-provoz-na-letisti"],"_links":{"self":[{"href":"https:\/\/mlz.frystacko.cz\/index.php?rest_route=\/wp\/v2\/posts\/28289","targetHints":{"allow":["GET"]}}],"collection":[{"href":"https:\/\/mlz.frystacko.cz\/index.php?rest_route=\/wp\/v2\/posts"}],"about":[{"href":"https:\/\/mlz.frystacko.cz\/index.php?rest_route=\/wp\/v2\/types\/post"}],"author":[{"embeddable":true,"href":"https:\/\/mlz.frystacko.cz\/index.php?rest_route=\/wp\/v2\/users\/3"}],"replies":[{"embeddable":true,"href":"https:\/\/mlz.frystacko.cz\/index.php?rest_route=%2Fwp%2Fv2%2Fcomments&post=28289"}],"version-history":[{"count":3,"href":"https:\/\/mlz.frystacko.cz\/index.php?rest_route=\/wp\/v2\/posts\/28289\/revisions"}],"predecessor-version":[{"id":28313,"href":"https:\/\/mlz.frystacko.cz\/index.php?rest_route=\/wp\/v2\/posts\/28289\/revisions\/28313"}],"wp:attachment":[{"href":"https:\/\/mlz.frystacko.cz\/index.php?rest_route=%2Fwp%2Fv2%2Fmedia&parent=28289"}],"wp:term":[{"taxonomy":"category","embeddable":true,"href":"https:\/\/mlz.frystacko.cz\/index.php?rest_route=%2Fwp%2Fv2%2Fcategories&post=28289"},{"taxonomy":"post_tag","embeddable":true,"href":"https:\/\/mlz.frystacko.cz\/index.php?rest_route=%2Fwp%2Fv2%2Ftags&post=28289"}],"curies":[{"name":"wp","href":"https:\/\/api.w.org\/{rel}","templated":true}]}}