{"id":28659,"date":"2019-03-20T19:23:15","date_gmt":"2019-03-20T18:23:15","guid":{"rendered":"https:\/\/mlz.frystacko.cz\/?p=28659"},"modified":"2019-03-21T23:20:56","modified_gmt":"2019-03-21T22:20:56","slug":"streda-na-letisti","status":"publish","type":"post","link":"https:\/\/mlz.frystacko.cz\/?p=28659","title":{"rendered":"St\u0159eda na leti\u0161ti"},"content":{"rendered":"<p><img loading=\"lazy\" decoding=\"async\" class=\"alignleft size-thumbnail wp-image-28672\" src=\"https:\/\/mlz.frystacko.cz\/wp-uploads\/2019\/03\/zm.IMG_2013-100x67.jpg\" alt=\"\" width=\"100\" height=\"67\" srcset=\"https:\/\/mlz.frystacko.cz\/wp-uploads\/2019\/03\/zm.IMG_2013-100x67.jpg 100w, https:\/\/mlz.frystacko.cz\/wp-uploads\/2019\/03\/zm.IMG_2013-300x200.jpg 300w, https:\/\/mlz.frystacko.cz\/wp-uploads\/2019\/03\/zm.IMG_2013-768x512.jpg 768w, https:\/\/mlz.frystacko.cz\/wp-uploads\/2019\/03\/zm.IMG_2013-1024x683.jpg 1024w, https:\/\/mlz.frystacko.cz\/wp-uploads\/2019\/03\/zm.IMG_2013.jpg 1200w\" sizes=\"auto, (max-width: 100px) 100vw, 100px\" \/>Tak dnes nefoukalo a proto nebudou vyj\u00edme\u010dn\u011b fotky ze svahu, ale z leti\u0161t\u011b. \ud83d\ude42<br \/>\nEdit&#8230; \u010dtvrtek<\/p>\n<p><!--more-->Poda\u0159ilo se. Moni\u010dka mne m\u00e1lem vyhnala z domu, abych to stihl (d\u011bkuji), maminka mi s p\u0159edstihem nabila 2 baterky (d\u011bkuji), dal\u0161\u00ed sem nab\u00edjel cestou a &#8222;u\u017e&#8220; v 5 sem byl na leti\u0161ti. \ud83d\ude1b S Proximou a Prasetem. P\u0159edemnou u\u017e tam dva byli. Petr poletoval d\u00e1l s malou extrou, Mira u\u017e to balil, ale je\u0161t\u011b n\u00e1m d\u011blal chv\u00edli spole\u010dnost.<\/p>\n<p>Mirovy \u0159e\u010di, \u017ee moc fouk\u00e1 sem nenesl moc nad\u0161en\u011b&#8230; proto\u017ee to prost\u011b nebylo a\u017e tak pravda. \ud83d\ude42 Bylo hezky, ale je\u0161t\u011b k ve\u010deru trochu kosa&#8230; ale to p\u0159ijde. Je\u0161t\u011b budeme na zimu vzpom\u00ednat. \ud83d\ude41<\/p>\n<p>Vy\u0161lo mi to na 4 starty s Prasetem. \ud83d\ude42 Podvozek zat\u00edm dr\u017e\u00ed. Proxima se jen svezla.<\/p>\n<p>A pr\u00fd na dne\u0161ek vych\u00e1z\u00ed jarn\u00ed rovnodennost (ale a\u017e na noc), tak\u017ee Z\u00cdTRA U\u017d JE JARO. A 31. se nav\u00edc posouv\u00e1 \u010das&#8230;. u\u00e1\u00e1\u00e1.<\/p>\n<hr \/>\n<p>Edit: ve \u010dtvrtek stejn\u00e1 sestava, jen Petr vym\u011bnil akrobata za v\u011btro\u0148. L\u00e9talo mu to hezky. \ud83d\ude42 P\u0159idal sem p\u00e1r fotek.<\/p>\n<p>Ve st\u0159edu\u00a0 sem ze stoj\u00e1nky odvezl dv\u011b rozpl\u00e1cl\u00e9 petky a dnes dal\u0161\u00ed dv\u011b. Nev\u00edm kdo to d\u011bl\u00e1, ale mrz\u00ed mne to. Ta hromada \u0161pa\u010dk\u016f kolem je taky smutn\u00e1 vizitka. \ud83d\ude41<\/p>\n","protected":false},"excerpt":{"rendered":"<p>Tak dnes nefoukalo a proto nebudou vyj\u00edme\u010dn\u011b fotky ze svahu, ale z leti\u0161t\u011b. \ud83d\ude42 Edit&#8230; \u010dtvrtek<\/p>\n","protected":false},"author":3,"featured_media":0,"comment_status":"open","ping_status":"closed","sticky":false,"template":"","format":"standard","meta":{"footnotes":""},"categories":[18],"tags":[],"class_list":["post-28659","post","type-post","status-publish","format-standard","hentry","category-provoz-na-letisti"],"_links":{"self":[{"href":"https:\/\/mlz.frystacko.cz\/index.php?rest_route=\/wp\/v2\/posts\/28659","targetHints":{"allow":["GET"]}}],"collection":[{"href":"https:\/\/mlz.frystacko.cz\/index.php?rest_route=\/wp\/v2\/posts"}],"about":[{"href":"https:\/\/mlz.frystacko.cz\/index.php?rest_route=\/wp\/v2\/types\/post"}],"author":[{"embeddable":true,"href":"https:\/\/mlz.frystacko.cz\/index.php?rest_route=\/wp\/v2\/users\/3"}],"replies":[{"embeddable":true,"href":"https:\/\/mlz.frystacko.cz\/index.php?rest_route=%2Fwp%2Fv2%2Fcomments&post=28659"}],"version-history":[{"count":7,"href":"https:\/\/mlz.frystacko.cz\/index.php?rest_route=\/wp\/v2\/posts\/28659\/revisions"}],"predecessor-version":[{"id":28688,"href":"https:\/\/mlz.frystacko.cz\/index.php?rest_route=\/wp\/v2\/posts\/28659\/revisions\/28688"}],"wp:attachment":[{"href":"https:\/\/mlz.frystacko.cz\/index.php?rest_route=%2Fwp%2Fv2%2Fmedia&parent=28659"}],"wp:term":[{"taxonomy":"category","embeddable":true,"href":"https:\/\/mlz.frystacko.cz\/index.php?rest_route=%2Fwp%2Fv2%2Fcategories&post=28659"},{"taxonomy":"post_tag","embeddable":true,"href":"https:\/\/mlz.frystacko.cz\/index.php?rest_route=%2Fwp%2Fv2%2Ftags&post=28659"}],"curies":[{"name":"wp","href":"https:\/\/api.w.org\/{rel}","templated":true}]}}