{"id":28702,"date":"2019-03-24T10:05:14","date_gmt":"2019-03-24T09:05:14","guid":{"rendered":"https:\/\/mlz.frystacko.cz\/?p=28702"},"modified":"2019-04-01T16:32:29","modified_gmt":"2019-04-01T14:32:29","slug":"sobota-14","status":"publish","type":"post","link":"https:\/\/mlz.frystacko.cz\/?p=28702","title":{"rendered":"Sobota&#8230;"},"content":{"rendered":"<p><img loading=\"lazy\" decoding=\"async\" class=\"alignleft size-thumbnail wp-image-28707\" src=\"https:\/\/mlz.frystacko.cz\/wp-uploads\/2019\/03\/zm.IMG_2082-100x67.jpg\" alt=\"\" width=\"100\" height=\"67\" srcset=\"https:\/\/mlz.frystacko.cz\/wp-uploads\/2019\/03\/zm.IMG_2082-100x67.jpg 100w, https:\/\/mlz.frystacko.cz\/wp-uploads\/2019\/03\/zm.IMG_2082-300x200.jpg 300w, https:\/\/mlz.frystacko.cz\/wp-uploads\/2019\/03\/zm.IMG_2082-768x512.jpg 768w, https:\/\/mlz.frystacko.cz\/wp-uploads\/2019\/03\/zm.IMG_2082-1024x683.jpg 1024w, https:\/\/mlz.frystacko.cz\/wp-uploads\/2019\/03\/zm.IMG_2082.jpg 1200w\" sizes=\"auto, (max-width: 100px) 100vw, 100px\" \/>Sobotn\u00ed teplo vyhnalo medv\u011bdy z nor &#8230;. na zimu u\u017e se vymlouvat nemohli. \ud83d\ude42<\/p>\n<p><!--more-->Nen\u00ed moc co psat. Teplo na ko\u0161ili. (Jirka na tri\u010dko.) L\u00e9talo se cel\u00e9 odpoledne s kde \u010d\u00edm. Krom dvou vrtul\u00ed a odzuben\u00e9ho serva bez \u0161kod. \ud83d\ude42 Po otravn\u00e9 Michalov\u011b quadkopte\u0159e sem \u00fasp\u011b\u0161n\u011b hodil botu. \ud83d\ude00 Skon\u010dila hore kopyty. Po obr\u00e1cen\u00ed odlet\u011bla po sv\u00fdch. Bota taky ok. \ud83d\ude42<\/p>\n<p>V Hole\u0161ov\u011b kdosi taky poletoval, ale byl vid\u011bt jen <a href=\"https:\/\/mlz.frystacko.cz\/wp-uploads\/2019\/03\/zm.IMG_2131.jpg\" target=\"_blank\" rel=\"noopener noreferrer\">m\u00e1lo<\/a>. (kdyby ho nebylo sly\u0161et, ani o n\u011bm nev\u00edme) <img src=\"https:\/\/mlz.frystacko.cz\/wp-includes\/images\/smilies\/mrgreen.png\" alt=\":mrgreen:\" class=\"wp-smiley\" style=\"height: 1em; max-height: 1em;\" \/><\/p>\n<hr \/>\n<p><span style=\"text-decoration: underline;\">Edit Lubo\u0161:<\/span><\/p>\n<p>A dal\u0161\u00edch <strong>70+ fotek<\/strong> je na <a href=\"https:\/\/czlusa.rajce.idnes.cz\/MLZ_sobota_23.3.2019\">Raj\u010deti<\/a><\/p>\n<p>youtube: <a href=\"https:\/\/www.youtube.com\/watch?v=h-R189TQt9s\">Messerschmitt Bf 109F<\/a><\/p>\n<p>youtube: <a href=\"https:\/\/www.youtube.com\/watch?v=ZmmYr_lZjN4\">kopt\u00e9ry<\/a><\/p>\n<p>&nbsp;<\/p>\n","protected":false},"excerpt":{"rendered":"<p>Sobotn\u00ed teplo vyhnalo medv\u011bdy z nor &#8230;. na zimu u\u017e se vymlouvat nemohli. \ud83d\ude42<\/p>\n","protected":false},"author":3,"featured_media":0,"comment_status":"open","ping_status":"closed","sticky":false,"template":"","format":"standard","meta":{"footnotes":""},"categories":[18],"tags":[],"class_list":["post-28702","post","type-post","status-publish","format-standard","hentry","category-provoz-na-letisti"],"_links":{"self":[{"href":"https:\/\/mlz.frystacko.cz\/index.php?rest_route=\/wp\/v2\/posts\/28702","targetHints":{"allow":["GET"]}}],"collection":[{"href":"https:\/\/mlz.frystacko.cz\/index.php?rest_route=\/wp\/v2\/posts"}],"about":[{"href":"https:\/\/mlz.frystacko.cz\/index.php?rest_route=\/wp\/v2\/types\/post"}],"author":[{"embeddable":true,"href":"https:\/\/mlz.frystacko.cz\/index.php?rest_route=\/wp\/v2\/users\/3"}],"replies":[{"embeddable":true,"href":"https:\/\/mlz.frystacko.cz\/index.php?rest_route=%2Fwp%2Fv2%2Fcomments&post=28702"}],"version-history":[{"count":9,"href":"https:\/\/mlz.frystacko.cz\/index.php?rest_route=\/wp\/v2\/posts\/28702\/revisions"}],"predecessor-version":[{"id":28771,"href":"https:\/\/mlz.frystacko.cz\/index.php?rest_route=\/wp\/v2\/posts\/28702\/revisions\/28771"}],"wp:attachment":[{"href":"https:\/\/mlz.frystacko.cz\/index.php?rest_route=%2Fwp%2Fv2%2Fmedia&parent=28702"}],"wp:term":[{"taxonomy":"category","embeddable":true,"href":"https:\/\/mlz.frystacko.cz\/index.php?rest_route=%2Fwp%2Fv2%2Fcategories&post=28702"},{"taxonomy":"post_tag","embeddable":true,"href":"https:\/\/mlz.frystacko.cz\/index.php?rest_route=%2Fwp%2Fv2%2Ftags&post=28702"}],"curies":[{"name":"wp","href":"https:\/\/api.w.org\/{rel}","templated":true}]}}