{"id":30413,"date":"2019-08-05T09:38:47","date_gmt":"2019-08-05T07:38:47","guid":{"rendered":"https:\/\/mlz.frystacko.cz\/?p=30413"},"modified":"2019-08-06T22:32:45","modified_gmt":"2019-08-06T20:32:45","slug":"donovaly-2019","status":"publish","type":"post","link":"https:\/\/mlz.frystacko.cz\/?p=30413","title":{"rendered":"Donovaly 2019"},"content":{"rendered":"<p><img loading=\"lazy\" decoding=\"async\" class=\"alignleft size-thumbnail wp-image-30692\" src=\"https:\/\/mlz.frystacko.cz\/wp-uploads\/2019\/08\/zm.IMG_6695-100x67.jpg\" alt=\"\" width=\"100\" height=\"67\" srcset=\"https:\/\/mlz.frystacko.cz\/wp-uploads\/2019\/08\/zm.IMG_6695-100x67.jpg 100w, https:\/\/mlz.frystacko.cz\/wp-uploads\/2019\/08\/zm.IMG_6695-300x200.jpg 300w, https:\/\/mlz.frystacko.cz\/wp-uploads\/2019\/08\/zm.IMG_6695-768x512.jpg 768w, https:\/\/mlz.frystacko.cz\/wp-uploads\/2019\/08\/zm.IMG_6695-1024x683.jpg 1024w, https:\/\/mlz.frystacko.cz\/wp-uploads\/2019\/08\/zm.IMG_6695.jpg 1200w\" sizes=\"auto, (max-width: 100px) 100vw, 100px\" \/>No tak tu m\u00e1me dal\u0161\u00ed rok a s n\u00edm dal\u0161\u00ed, velmi p\u0159\u00edjemn\u00e9, Donovalsk\u00e9 pr\u016flety &#8230;.Letos op\u011bt vyda\u0159en\u00e9 a v dobr\u00e9 n\u00e1lad\u011b. .)<\/p>\n<p><!--more-->P\u0159edpov\u011b\u010f byla v\u0161elijak\u00e1. M\u00e1lo foukat, pochybn\u00fd sm\u011br, ob\u010das voda&#8230;. Byli sme s rodinou na Mur\u00e1ni od pond\u011blka a po\u010das p\u0159edv\u00e1d\u011bl co mohl (v\u010detn\u011b t\u00e9 vody). Ve \u010dtvrtek sme poslali \u010d\u00e1st osazenstva dom\u016f a p\u0159ejeli na Donovaly.<\/p>\n<p><img loading=\"lazy\" decoding=\"async\" class=\"alignright size-medium wp-image-30904\" src=\"https:\/\/mlz.frystacko.cz\/wp-uploads\/2019\/08\/zm.IMG_7528-300x200.jpg\" alt=\"\" width=\"300\" height=\"200\" srcset=\"https:\/\/mlz.frystacko.cz\/wp-uploads\/2019\/08\/zm.IMG_7528-300x200.jpg 300w, https:\/\/mlz.frystacko.cz\/wp-uploads\/2019\/08\/zm.IMG_7528-100x67.jpg 100w, https:\/\/mlz.frystacko.cz\/wp-uploads\/2019\/08\/zm.IMG_7528-768x512.jpg 768w, https:\/\/mlz.frystacko.cz\/wp-uploads\/2019\/08\/zm.IMG_7528-1024x683.jpg 1024w, https:\/\/mlz.frystacko.cz\/wp-uploads\/2019\/08\/zm.IMG_7528.jpg 1200w\" sizes=\"auto, (max-width: 300px) 100vw, 300px\" \/>Vzhledem k tomu, \u017ee sem si na Mur\u00e1ni malinko unavil no\u017ei\u010dky, lanovce sem se nevyh\u00fdbal. A zbab\u011ble sem v\u0161echny t\u0159i dny sm\u00fdkal do kopce krom\u011b Dingo\u0161a i omotorovanou Proximu a nabit\u00e9 baterky, kdyby &#8222;n\u00e1hodou&#8220; nefoukalo&#8230;. op\u011bt zbyte\u010dn\u011b. Foukalo, ob\u010das ne \u00fapln\u011b p\u0159esv\u011bd\u010div\u011b, ale ka\u017ed\u00fd den se dalo l\u00e9tat. Vych\u00e1zelo to vytrvale na severn\u00ed svah. Ob\u010das fouklo m\u00edrn\u011b od v\u00fdchodu, ale i to se dalo zvl\u00e1dat. (posedat, po\u010dkat a za chv\u00edlu bylo zase dob\u0159e). U\u017e ve \u010dtvrtek sem (po kapustnici) vytla\u010dil letadla nahoru a fungovalo to hezky. P\u00e1tek byl slab\u0161\u00ed, no l\u00e9talo to. Proximu sem skl\u00e1dal, ale &#8222;n\u00e1hodou&#8220; jsem to hodil do termiky, tak\u017ee i bez motoru to \u0161lo&#8230; Jen sme odjeli d\u0159\u00edv dol\u016f.<\/p>\n<p><img loading=\"lazy\" decoding=\"async\" class=\"alignleft size-medium wp-image-30760\" src=\"https:\/\/mlz.frystacko.cz\/wp-uploads\/2019\/08\/zm.IMG_6826-300x200.jpg\" alt=\"\" width=\"300\" height=\"200\" srcset=\"https:\/\/mlz.frystacko.cz\/wp-uploads\/2019\/08\/zm.IMG_6826-300x200.jpg 300w, https:\/\/mlz.frystacko.cz\/wp-uploads\/2019\/08\/zm.IMG_6826-100x67.jpg 100w, https:\/\/mlz.frystacko.cz\/wp-uploads\/2019\/08\/zm.IMG_6826-768x512.jpg 768w, https:\/\/mlz.frystacko.cz\/wp-uploads\/2019\/08\/zm.IMG_6826-1024x683.jpg 1024w, https:\/\/mlz.frystacko.cz\/wp-uploads\/2019\/08\/zm.IMG_6826.jpg 1200w\" sizes=\"auto, (max-width: 300px) 100vw, 300px\" \/>Sobota (za mne) byla nejl\u00e9\u00e9\u00e9p\u010d\u00ed, by\u0165 to u\u017e vy\u017eadovalo aspo\u0148 tlust\u0161\u00ed ko\u0161ili, 2x n\u00e1s to jemn\u011b pokropilo a v 5 u\u017e i posledn\u00ed z n\u00e1s sed\u011bli v lanovce, pozuruj\u00edc\u00ed vodu svisle lo\u017eenou&#8230; \ud83d\ude42 Op\u011bt cca po 100 hodin\u00e1ch mi za\u010dalo odch\u00e1zet servo na k\u0159id\u00e9lku. Blb\u00e9 bylo, \u017ee v\u00fdpadky byly jen &#8222;chv\u00edli&#8220;&#8230; a na zemi se to neprojevovalo. Kdy\u017e sem pak po n\u011bkolika p\u0159ist\u00e1n\u00edch bez brzd (bo bez k\u0159id\u00e9lka to \u0161lo do v\u00fdkrutu :D) pravideln\u011b na zemi nic nenach\u00e1zel, doty\u010dn\u00e9 servo sem vym\u011bnil a byl klid. (KST DS125MG&#8230; p\u0159i 100 hodin\u00e1ch velmi, brzo po sob\u011b, ode\u0161ly ob\u011b (to je ta \u010dern\u00e1 ozdoba v p\u016flce k\u0159\u00eddla) &#8230; te\u010f m\u00e1 Dingo\u0161 nal\u00e9tan\u00e9 215 hodin&#8230; tak u\u017e asi maj\u00ed \u010das&#8230; zase. :-\/ ) Kluci, co tam p\u0159i\u0161li v sobotu pozd\u011bj, maj\u00ed &#8222;n\u011bjak\u00fdma&#8220; KST osazen\u00e9 cel\u00e9 Fko a tvrdili, \u017ee nikdy \u017e\u00e1dn\u00fd prol\u00e9m nem\u011bli&#8230; tak asi sm\u016fla, no. \ud83d\ude42 V J-\u010dku mi, pravda, taky je\u0161t\u011b neode\u0161ly :-\/<\/p>\n<p><img loading=\"lazy\" decoding=\"async\" class=\"alignright size-medium wp-image-30594\" src=\"https:\/\/mlz.frystacko.cz\/wp-uploads\/2019\/08\/zm.IMG_6418-300x200.jpg\" alt=\"\" width=\"300\" height=\"200\" srcset=\"https:\/\/mlz.frystacko.cz\/wp-uploads\/2019\/08\/zm.IMG_6418-300x200.jpg 300w, https:\/\/mlz.frystacko.cz\/wp-uploads\/2019\/08\/zm.IMG_6418-100x67.jpg 100w, https:\/\/mlz.frystacko.cz\/wp-uploads\/2019\/08\/zm.IMG_6418-768x512.jpg 768w, https:\/\/mlz.frystacko.cz\/wp-uploads\/2019\/08\/zm.IMG_6418-1024x683.jpg 1024w, https:\/\/mlz.frystacko.cz\/wp-uploads\/2019\/08\/zm.IMG_6418.jpg 1200w\" sizes=\"auto, (max-width: 300px) 100vw, 300px\" \/>Erikova &#8222;nebezpe\u010dn\u00e1&#8220; Tracy, kter\u00e1 u\u017e p\u0159e\u017eila n\u011bkolik koliz\u00ed s v\u00fdrazn\u011b siln\u011bj\u0161\u00edmi soupe\u0159i na p\u0159edchoz\u00edch akc\u00edch, letos dostala zdatnou konkurenci v podob\u011b malink\u00e9ho epp h\u00e1zedla, kter\u00e9 Honza doplnil 2 servy&#8230;. Po dola\u010f\u011bn\u00ed t\u011b\u017ei\u0161t\u011b to l\u00e9talo vesele. Chv\u00edli se s Erikem zkou\u0161eli aj trefit, ale p\u0159i tak velk\u00e9m nepom\u011bru velikost\u00ed se to odhaduje t\u011b\u017eko. No k n\u011bjak\u00e9mu lehk\u00e9mu kontaktu do\u0161lo, by\u0165 bez vlivu na dal\u0161\u00ed provoz. \ud83d\ude42 Erik jako vrha\u010d byl velmi zdatn\u00fd&#8230; flatr na v\u00fd\u0161kovce Tracy byl zdokumentovan\u00fd a tomu h\u00e1zedlu se to asi taky \u00fapln\u011b nepozd\u00e1valo, kdy\u017e proh\u00fdbalo p\u0159i startu v\u00fd\u0161kovku jak luk. <img src=\"https:\/\/mlz.frystacko.cz\/wp-includes\/images\/smilies\/mrgreen.png\" alt=\":mrgreen:\" class=\"wp-smiley\" style=\"height: 1em; max-height: 1em;\" \/> Na druhou stranu, dosahovan\u00e9 startovn\u00ed v\u00fd\u0161ky za to st\u00e1ly. \ud83d\ude1b<\/p>\n<p>Jeden ze se\u0159izovac\u00edch start\u016f h\u00e1zedla byl <a href=\"https:\/\/youtu.be\/tHm9ZqphDQc\" target=\"_blank\" rel=\"noopener noreferrer\">zaznamen\u00e1n<\/a>&#8230;. n\u00e1sledn\u011b si to lidi ve\u010der u televice vykl\u00e1dali jako Erikovu \u00fasp\u011b\u0161nou snahu ovliv\u0148ovat let stroje jen silou v\u016fle nebo \u010deho &#8230; a n\u00e1ramn\u011b se u toho bavili. \ud83d\ude00 \u0160lo to asi 8x dokola a druh\u00fd den zase. \ud83d\ude42<\/p>\n<p>Lu\u010fa dovl\u00e1\u010del Leprechauna. Kr\u00e1sn\u00fd stroj. Jako ne-pam\u011btn\u00edk t\u00e9 doby to ch\u00e1pu tak, \u017ee jde o novostavbu ne\u0159\u00edzen\u00e9ho historika &#8222;jen&#8220; dopln\u011bn\u00e9ho \u0159\u00edzen\u00edm v\u00fd\u0161kovky a sm\u011brovky. Bylo hezk\u00e9 pozorovat jak se u svahu hon\u00ed makety &#8222;norm\u00e1ln\u00edch&#8220; historik\u016f, kolem je\u0161t\u011b rychlej v\u0161emo\u017en\u00e9 Fka a nad t\u00edm v\u0161\u00edm chaosem si spokojen\u011b a rozv\u00e1\u017en\u011b vis\u00ed \u017elut\u00fd Zeppelin, kter\u00fd jen tak n\u011bco nerozhod\u00ed. \ud83d\ude42<\/p>\n<p>M\u00edsty bylo ve vzduchu i 7-8 letadel&#8230; kupodivu \u017e\u00e1dn\u00e1 kolize. Prostoru bylo spousta, dobr\u00fdch lid\u00ed se pr\u00fd vejde dost&#8230;. . \ud83d\ude42<\/p>\n<p>V ned\u011bli sme balili a jeli dom\u016f. \u010c\u00e1st lid\u00ed, si to jela je\u0161t\u011b u\u017e\u00edt. Podle v\u0161eho to mohli m\u00edt taky prima&#8230; ale to u\u017e dopln\u00ed n\u011bkdo jin\u00fd. \ud83d\ude42<\/p>\n<p><img loading=\"lazy\" decoding=\"async\" class=\"alignleft size-medium wp-image-30743\" src=\"https:\/\/mlz.frystacko.cz\/wp-uploads\/2019\/08\/zm.IMG_6800-300x200.jpg\" alt=\"\" width=\"300\" height=\"200\" srcset=\"https:\/\/mlz.frystacko.cz\/wp-uploads\/2019\/08\/zm.IMG_6800-300x200.jpg 300w, https:\/\/mlz.frystacko.cz\/wp-uploads\/2019\/08\/zm.IMG_6800-100x67.jpg 100w, https:\/\/mlz.frystacko.cz\/wp-uploads\/2019\/08\/zm.IMG_6800-768x512.jpg 768w, https:\/\/mlz.frystacko.cz\/wp-uploads\/2019\/08\/zm.IMG_6800-1024x683.jpg 1024w, https:\/\/mlz.frystacko.cz\/wp-uploads\/2019\/08\/zm.IMG_6800.jpg 1200w\" sizes=\"auto, (max-width: 300px) 100vw, 300px\" \/>Na Chat\u011b pod Magurou do\u0161lo k n\u011bkolika zm\u011bn\u00e1m. Koupelky jsou hezky zrekonstruovan\u00e9. Tepl\u00e1 voda u\u017e te\u010de trvale a ne podle j\u00edzdn\u00edho \u0159\u00e1du. Zm\u011bny dostihly i klubovnu, kde je sice vym\u011bn\u011bn\u00fd sedac\u00ed n\u00e1bytek za neopot\u0159ebovan\u00fd, ale na na\u0161i tlupu tro\u0161ku poddimenzovan\u00fd co do po\u010dtu m\u00edst. \ud83d\ude42 No nejv\u011bt\u0161\u00ed trag\u00e9die je v\u00fdm\u011bna <del>ponku ehmsemsep\u0159e\u0159ekl<\/del> kule\u010dn\u00edku za stoln\u00ed fotb\u00e1lek. \u0160koda, na tom se prost\u011b <a href=\"https:\/\/mlz.frystacko.cz\/?p=5136\" target=\"_blank\" rel=\"noopener noreferrer\">laminovat ned\u00e1<\/a>. <img src=\"https:\/\/mlz.frystacko.cz\/wp-includes\/images\/smilies\/mrgreen.png\" alt=\":mrgreen:\" class=\"wp-smiley\" style=\"height: 1em; max-height: 1em;\" \/> Zm\u00ednil sem se pan\u00ed recep\u010dn\u00ed a ta mi m\u00e1lem a\u017e s omluvou sd\u011blila, \u017ee kule\u010dn\u00edk n\u011bkdo v zim\u011b prorazil a kdyby bylo pot\u0159eba, n\u011bjak\u00e9 desky by n\u00e1m ze sklepa poskytli&#8230;. nebylo na\u0161t\u011bst\u00ed pot\u0159eba. \ud83d\ude42 Ve\u010dery tam byly op\u011bt vesel\u00e9 a m\u00edrn\u011b prot\u00e1hl\u00e9 do r\u00e1na&#8230; Obsluha v restauraci z\u016fstala p\u0159\u00edjemn\u00e1, vesel\u00e1. Koliba st\u00e1le vykrmovac\u00ed. No&#8230;zhubnout sme nakonec nep\u0159ijeli, \u017ee. \ud83d\ude44<\/p>\n<p>Cestou dom\u016f sme smutn\u011b konstatovali, \u017ee stavba tunelu Vi\u0161\u0148ov\u00e9 vypad\u00e1, \u017ee st\u00e1le nevypad\u00e1. :\/ (umo\u017enil by minout \u017dilinu i cestu pod Stre\u010dnem) Pr\u00fd hodlaj\u00ed (ehm&#8230;informace z b\u0159ezna) m\u011bnit firmu, kter\u00e1 to bude stav\u011bt, v\u00fdb\u011brov\u00e9 \u0159\u00edzen\u00ed teprve bude&#8230; \ud83d\ude41 T\u0159eba se n\u011bkdy do\u010dk\u00e1me. \ud83d\ude42<\/p>\n<p><img loading=\"lazy\" decoding=\"async\" class=\"alignright size-medium wp-image-30617\" src=\"https:\/\/mlz.frystacko.cz\/wp-uploads\/2019\/08\/zm.IMG_6469-300x200.jpg\" alt=\"\" width=\"300\" height=\"200\" srcset=\"https:\/\/mlz.frystacko.cz\/wp-uploads\/2019\/08\/zm.IMG_6469-300x200.jpg 300w, https:\/\/mlz.frystacko.cz\/wp-uploads\/2019\/08\/zm.IMG_6469-100x67.jpg 100w, https:\/\/mlz.frystacko.cz\/wp-uploads\/2019\/08\/zm.IMG_6469-768x512.jpg 768w, https:\/\/mlz.frystacko.cz\/wp-uploads\/2019\/08\/zm.IMG_6469-1024x683.jpg 1024w, https:\/\/mlz.frystacko.cz\/wp-uploads\/2019\/08\/zm.IMG_6469.jpg 1200w\" sizes=\"auto, (max-width: 300px) 100vw, 300px\" \/>Fotky tu jsou zat\u00edm z moj\u00ed zrcadlovky, kterou brali do ruk dal\u0161\u00ed, tak\u017ee v\u0161em hezky d\u011bkuji. \ud83d\ude42 Komu by to nesta\u010dilo, byla <a href=\"https:\/\/youtu.be\/yOwe59orI2A\" target=\"_blank\" rel=\"noopener noreferrer\">kamerka i na Dingovi<\/a>. Fotky v pln\u00e9m rozli\u0161en\u00ed dod\u00e1m \u00fa\u010dastn\u00edk\u016fm na vy\u017e\u00e1d\u00e1n\u00ed. Dal\u0161\u00ed spoustu materi\u00e1lu po\u0159\u00eddil Lubo\u0161 s Ditou, kte\u0159\u00ed tu asi daj\u00ed odkaz&#8230;.\u00a0 a nev\u00edm kdo v\u0161echno je\u0161t\u011b.<\/p>\n<p>Akce prima. Se\u0161la se spousta p\u0159\u00e1telsk\u00fdch lid\u00ed. &#8222;Asi&#8220; u\u017e se t\u011b\u0161\u00edm na p\u0159\u00ed\u0161t\u00ed pr\u00e1zdniny&#8230;.&#8220;asi&#8220; moc. \ud83d\ude42 A kdyby to &#8222;n\u00e1hodou&#8220; vy\u0161lo je\u0161t\u011b na podzim&#8230; &#8222;asi&#8220; bych se nijak extra nevztekal. \ud83d\ude42 D\u00edky v\u0161em za prima dovolenou. \ud83d\ude42<\/p>\n<hr \/>\n<p><strong>edit: Lubo\u0161<\/strong><\/p>\n<p>Raj\u010de: <a href=\"https:\/\/czlusa.rajce.idnes.cz\/Donovaly_2019_2.8._patek\">Donovaly 2019 | 2.8. p\u00e1tek<\/a><\/p>\n<p>Raj\u010de: <a href=\"https:\/\/czlusa.rajce.idnes.cz\/Donovaly_2019_3.8._sobota\">Donovaly 2019 | 3.8. sobota<\/a><\/p>\n<p>Raj\u010de: <a href=\"https:\/\/czlusa.rajce.idnes.cz\/Donovaly_2019_4.8._nedele\">Donovaly 2019 | 4.8. ned\u011ble<\/a><\/p>\n<p>V ned\u011bli n\u00e1s v\u0161echny vyhnal d\u00e9\u0161\u0165 (lijavec). Hromadn\u011b jsme (prchali) odj\u00ed\u017ed\u011bli lanovkou ve 13.00 &#8211; \u0159\u00e1dn\u011b promo\u010den\u00ed. Ne\u017e se ta smr\u0161\u0165 p\u0159ihnala, tak se dalo l\u00e9tat bez motoru a stoup\u00e1ky byly &#8230; radost l\u00e9tat.<\/p>\n<p>video: <a href=\"https:\/\/www.youtube.com\/watch?v=1exYDa1xKME\">\u0160aman &#8211; spole\u010densk\u00e1 m\u00edstnost<\/a><\/p>\n<p>video: <a href=\"https:\/\/www.youtube.com\/watch?v=LQw-JOnvQnc\">onboard kamera | Sirius &#8211; dlouh\u00e1 verze<\/a><\/p>\n<p>video: <a href=\"https:\/\/www.youtube.com\/watch?v=7O0OOthbVsI\">onboard kamera | Sirius &#8211; kr\u00e1tk\u00e1 verze<\/a><\/p>\n<p>video: <a href=\"https:\/\/www.youtube.com\/watch?v=Q7ATkNCVD_4\">lety a pr\u016flety | 2.8.2019 &#8211; p\u00e1tek<\/a><\/p>\n<p>video: <a href=\"https:\/\/www.youtube.com\/watch?v=xoPiAkDpJEo\">lety a pr\u016flety | 3.8.2019 &#8211; sobota<\/a><\/p>\n<p>video: <a href=\"https:\/\/www.youtube.com\/watch?v=zz6t3xA9oJQ\">lety a pr\u016flety | 4.8.2019 &#8211; ned\u011ble<\/a><\/p>\n<p>video: <a href=\"https:\/\/www.youtube.com\/watch?v=3WtGlQty20M\">Vettore 4m | z\u00e1let<\/a><\/p>\n<p>video: <a href=\"https:\/\/www.youtube.com\/watch?v=6lC7b6_da18\">Retro lety<\/a><\/p>\n<p>&nbsp;<\/p>\n","protected":false},"excerpt":{"rendered":"<p>No tak tu m\u00e1me dal\u0161\u00ed rok a s n\u00edm dal\u0161\u00ed, velmi p\u0159\u00edjemn\u00e9, Donovalsk\u00e9 pr\u016flety &#8230;.Letos op\u011bt vyda\u0159en\u00e9 a v dobr\u00e9 n\u00e1lad\u011b. .)<\/p>\n","protected":false},"author":3,"featured_media":0,"comment_status":"open","ping_status":"closed","sticky":false,"template":"","format":"standard","meta":{"footnotes":""},"categories":[6,21],"tags":[],"class_list":["post-30413","post","type-post","status-publish","format-standard","hentry","category-akce","category-svah"],"_links":{"self":[{"href":"https:\/\/mlz.frystacko.cz\/index.php?rest_route=\/wp\/v2\/posts\/30413","targetHints":{"allow":["GET"]}}],"collection":[{"href":"https:\/\/mlz.frystacko.cz\/index.php?rest_route=\/wp\/v2\/posts"}],"about":[{"href":"https:\/\/mlz.frystacko.cz\/index.php?rest_route=\/wp\/v2\/types\/post"}],"author":[{"embeddable":true,"href":"https:\/\/mlz.frystacko.cz\/index.php?rest_route=\/wp\/v2\/users\/3"}],"replies":[{"embeddable":true,"href":"https:\/\/mlz.frystacko.cz\/index.php?rest_route=%2Fwp%2Fv2%2Fcomments&post=30413"}],"version-history":[{"count":17,"href":"https:\/\/mlz.frystacko.cz\/index.php?rest_route=\/wp\/v2\/posts\/30413\/revisions"}],"predecessor-version":[{"id":31045,"href":"https:\/\/mlz.frystacko.cz\/index.php?rest_route=\/wp\/v2\/posts\/30413\/revisions\/31045"}],"wp:attachment":[{"href":"https:\/\/mlz.frystacko.cz\/index.php?rest_route=%2Fwp%2Fv2%2Fmedia&parent=30413"}],"wp:term":[{"taxonomy":"category","embeddable":true,"href":"https:\/\/mlz.frystacko.cz\/index.php?rest_route=%2Fwp%2Fv2%2Fcategories&post=30413"},{"taxonomy":"post_tag","embeddable":true,"href":"https:\/\/mlz.frystacko.cz\/index.php?rest_route=%2Fwp%2Fv2%2Ftags&post=30413"}],"curies":[{"name":"wp","href":"https:\/\/api.w.org\/{rel}","templated":true}]}}