{"id":31177,"date":"2019-08-21T15:49:30","date_gmt":"2019-08-21T13:49:30","guid":{"rendered":"https:\/\/mlz.frystacko.cz\/?p=31177"},"modified":"2019-08-24T23:45:11","modified_gmt":"2019-08-24T21:45:11","slug":"pod-kridly-palava-devin","status":"publish","type":"post","link":"https:\/\/mlz.frystacko.cz\/?p=31177","title":{"rendered":"Pod k\u0159\u00eddly | P\u00e1lava &#8211; D\u011bv\u00edn &#038; Stolov\u00e1 hora"},"content":{"rendered":"<p><img loading=\"lazy\" decoding=\"async\" class=\"alignleft size-thumbnail wp-image-31209\" src=\"https:\/\/mlz.frystacko.cz\/wp-uploads\/2019\/08\/P1610861-2-100x56.jpg\" alt=\"\" width=\"100\" height=\"56\" srcset=\"https:\/\/mlz.frystacko.cz\/wp-uploads\/2019\/08\/P1610861-2-100x56.jpg 100w, https:\/\/mlz.frystacko.cz\/wp-uploads\/2019\/08\/P1610861-2-300x169.jpg 300w, https:\/\/mlz.frystacko.cz\/wp-uploads\/2019\/08\/P1610861-2-768x431.jpg 768w, https:\/\/mlz.frystacko.cz\/wp-uploads\/2019\/08\/P1610861-2-1024x575.jpg 1024w\" sizes=\"auto, (max-width: 100px) 100vw, 100px\" \/>Tohle l\u00e1t\u00e1n\u00ed na P\u00e1lav\u011b je z\u00e1v\u011brem cesty od mo\u0159e. Kdy\u017e ona ta P\u00e1lava, je tak n\u011bjak cestou. To\u017e, p\u0159ece ju neminu, kdy\u017e m\u00e1m letadlo v aut\u011b.<\/p>\n<p><!--more--><\/p>\n<p>&#8230; na <a href=\"https:\/\/mapy.cz\/turisticka?x=16.6503771&amp;y=48.8672900&amp;z=15&amp;source=area&amp;id=26568\">map\u00e1ch<\/a> jsem si na\u0161el PG startovi\u0161t\u011b na D\u011bv\u00edn\u011b. Po\u010dasn\u00edci vyhro\u017eovali de\u0161t\u011bm a v\u016fbec nel\u00e9tav\u00fdm po\u010das\u00edm, ale na\u0161t\u011bst\u00ed, jim to nevy\u0161lo (tak docela). Na P\u00e1lavu jsem p\u0159ijel p\u0159ed p\u016fl des\u00e1tou. Z d\u00e1lky byly vid\u011bt mraky. Jen\u017ee, ne\u017e jsem tam p\u0159ijel, tak byly vypr\u0161en\u00e9 a o kus d\u00e1l. Aspo\u0148 se mi nepr\u00e1\u0161ilo od bod, kdy\u017e jsem si to \u0161tr\u00e1doval do kopca.<\/p>\n<p>Na PG startovi\u0161ti se l\u00e9talo par\u00e1dn\u011b. Foukalo sice zleva, tak\u017ee svah nefungoval, ale bylo to super. Jednu chv\u00edli tam l\u00e9talo hejno dravc\u016f (cca. 8), tak jsem se k nim p\u0159idal. Ne-\u00e9, fakt nep\u0159idal. Jen jsem jim tam zavazel. Chvilku jsme l\u00e9tali k\u0159\u00eddlo na k\u0159\u00eddlo, ale potom zjistili, \u017ee fakt jen zavaz\u00edm, tak si odl\u00e9tli jinde.<\/p>\n<p>A kdy\u017e u\u017e jsem na ten kopec vylezl, tak jsem to pojal jako v\u00fdlet. S letadlem na z\u00e1dech a plnou ta\u0161kou p\u0159es rameno, jsem tam nachodil 7 km, v\u00fd\u0161kov\u011b 290 m).<\/p>\n<p>Druhou l\u00e9tac\u00ed zast\u00e1vku jsem dal kousek pod hradem (D\u00edv\u010d\u00ed hrady). Mezi vinohrady bylo sklizen\u00e9 obil\u00ed, tak jsem ten prostor vyu\u017eil pro p\u0159ist\u00e1v\u00e1n\u00ed.<\/p>\n<p>A aby toho nebylo m\u00e1lo, tak je\u0161t\u011b cestou z P\u00e1lavy jsem se zastavil u dvou rozhleden, ze kter\u00fdch byla P\u00e1lava je\u0161t\u011b vid\u011bt. Tam jsem u\u017e letadlo nevytahoval. Prvn\u00ed je rozhledna Maj\u00e1k (<a href=\"https:\/\/mapy.cz\/turisticka?x=16.7776425&amp;y=48.8705645&amp;z=13&amp;source=base&amp;id=1911521\">mapa<\/a>) a druh\u00e1 je rozhledna Slune\u010dn\u00e1 (<a href=\"https:\/\/mapy.cz\/turisticka?x=16.8262227&amp;y=48.9010416&amp;z=13&amp;source=base&amp;id=1893582\">mapa<\/a>). Na Slune\u010dn\u00e9 l\u00e9tala pan\u00ed s kopt\u00e9rou (DJI Mavic AIR). Tak jsme si chvilku popov\u00eddali.<\/p>\n<p>Na P\u00e1lavu se ur\u010dit\u011b je\u0161t\u011b vr\u00e1t\u00edm. Vedlej\u0161\u00ed kopec vedle D\u011bv\u00edna, je <a href=\"https:\/\/mapy.cz\/turisticka?x=16.6357429&amp;y=48.8407468&amp;z=15&amp;source=base&amp;id=1893582\">Stolov\u00e1 hora<\/a> &#8211; a tam to bude na l\u00e9t\u00e1n\u00ed ur\u010dit\u011b super.<\/p>\n<hr \/>\n<p><img loading=\"lazy\" decoding=\"async\" class=\"alignleft size-thumbnail wp-image-31237\" src=\"https:\/\/mlz.frystacko.cz\/wp-uploads\/2019\/08\/P1620163-2-100x56.jpg\" alt=\"\" width=\"100\" height=\"56\" srcset=\"https:\/\/mlz.frystacko.cz\/wp-uploads\/2019\/08\/P1620163-2-100x56.jpg 100w, https:\/\/mlz.frystacko.cz\/wp-uploads\/2019\/08\/P1620163-2-300x169.jpg 300w, https:\/\/mlz.frystacko.cz\/wp-uploads\/2019\/08\/P1620163-2-768x432.jpg 768w, https:\/\/mlz.frystacko.cz\/wp-uploads\/2019\/08\/P1620163-2-1024x576.jpg 1024w\" sizes=\"auto, (max-width: 100px) 100vw, 100px\" \/>Na <strong>Stolovou horu<\/strong> jsem se dostal d\u0159\u00edve, ne\u017e jsem \u010dekal. Na D\u011bv\u00edn\u011b jsem byl v \u00fater\u00fd a na Stolov\u00e9 ho\u0159e v p\u00e1tek. V\u00fdstup na kopec byl o pozn\u00e1n\u00ed snaz\u0161\u00ed a krat\u0161\u00ed, ne\u017e na D\u011bv\u00edn. Jak n\u00e1zev hory napov\u00edd\u00e1, je to naho\u0159e placka &#8211; minim\u00e1ln\u011b zvln\u011bn\u00e1. \u010c\u00e1st kopce je obehnan\u00e1 elektrick\u00fdm ohradn\u00edkem a pasou se tam konice i s odrostl\u00fdm h\u0159\u00edb\u011btem.<\/p>\n<p>Vyu\u017e\u00edt ku l\u00e9t\u00e1n\u00ed svah ne\u0161lo, bo dostate\u010dn\u011b nefoukalo. M\u00edt takov\u00e9 p\u0159\u00edrodn\u00ed leti\u0161t\u011b bl\u00ed\u017ee u bar\u00e1ku, to by byla par\u00e1da. Kr\u00e1tce po prvn\u00edm startu m\u011b nas\u00e1l stoup\u00e1k spole\u010dn\u011b s n\u011bkolika k\u00e1\u0148aty &#8211; moc p\u011bkn\u00e9 l\u00e9t\u00e1n\u00ed to s nimi bylo.<\/p>\n<p>Tolik kr\u00e1tk\u00e1 zpr\u00e1va z v\u00fdletu \ud83d\ude42<\/p>\n<p><strong>video:<\/strong> <a href=\"https:\/\/www.youtube.com\/watch?v=NsZyu5wluZo\">P\u00e1lava &#8211; D\u011bv\u00edn<\/a><\/p>\n<p><strong>video:\u00a0<\/strong><a href=\"https:\/\/www.youtube.com\/watch?v=wkO5GXlGPB0\">P\u00e1lava &#8211; D\u00edv\u010d\u00ed hrady<\/a><\/p>\n<p><strong>video: <\/strong><a href=\"https:\/\/www.youtube.com\/watch?v=_TgcmoWG9NU\">Mavic AIR &#8211; rozhledna<\/a><\/p>\n<p><strong>fotky:<\/strong> <a href=\"https:\/\/czlusa.rajce.idnes.cz\/Palava_Devin\">P\u00e1lava &#8211; D\u011bv\u00edn<\/a><\/p>\n<p><strong>fotky: <\/strong><a href=\"https:\/\/czlusa.rajce.idnes.cz\/Palava_Stolova_hora\">P\u00e1lava &#8211; Stolov\u00e1 hora<\/a><\/p>\n<p><strong>video:<\/strong> <a href=\"https:\/\/www.youtube.com\/watch?v=SwzSjxD3e-A\">P\u00e1lava &#8211; Stolov\u00e1 hora<\/a><\/p>\n<p>&nbsp;<\/p>\n","protected":false},"excerpt":{"rendered":"<p>Tohle l\u00e1t\u00e1n\u00ed na P\u00e1lav\u011b je z\u00e1v\u011brem cesty od mo\u0159e. Kdy\u017e ona ta P\u00e1lava, je tak n\u011bjak cestou. To\u017e, p\u0159ece ju neminu, kdy\u017e m\u00e1m letadlo v aut\u011b.<\/p>\n","protected":false},"author":13,"featured_media":0,"comment_status":"open","ping_status":"closed","sticky":false,"template":"","format":"standard","meta":{"footnotes":""},"categories":[23,21],"tags":[],"class_list":["post-31177","post","type-post","status-publish","format-standard","hentry","category-poletovani-jinde","category-svah"],"_links":{"self":[{"href":"https:\/\/mlz.frystacko.cz\/index.php?rest_route=\/wp\/v2\/posts\/31177","targetHints":{"allow":["GET"]}}],"collection":[{"href":"https:\/\/mlz.frystacko.cz\/index.php?rest_route=\/wp\/v2\/posts"}],"about":[{"href":"https:\/\/mlz.frystacko.cz\/index.php?rest_route=\/wp\/v2\/types\/post"}],"author":[{"embeddable":true,"href":"https:\/\/mlz.frystacko.cz\/index.php?rest_route=\/wp\/v2\/users\/13"}],"replies":[{"embeddable":true,"href":"https:\/\/mlz.frystacko.cz\/index.php?rest_route=%2Fwp%2Fv2%2Fcomments&post=31177"}],"version-history":[{"count":18,"href":"https:\/\/mlz.frystacko.cz\/index.php?rest_route=\/wp\/v2\/posts\/31177\/revisions"}],"predecessor-version":[{"id":31436,"href":"https:\/\/mlz.frystacko.cz\/index.php?rest_route=\/wp\/v2\/posts\/31177\/revisions\/31436"}],"wp:attachment":[{"href":"https:\/\/mlz.frystacko.cz\/index.php?rest_route=%2Fwp%2Fv2%2Fmedia&parent=31177"}],"wp:term":[{"taxonomy":"category","embeddable":true,"href":"https:\/\/mlz.frystacko.cz\/index.php?rest_route=%2Fwp%2Fv2%2Fcategories&post=31177"},{"taxonomy":"post_tag","embeddable":true,"href":"https:\/\/mlz.frystacko.cz\/index.php?rest_route=%2Fwp%2Fv2%2Ftags&post=31177"}],"curies":[{"name":"wp","href":"https:\/\/api.w.org\/{rel}","templated":true}]}}