{"id":3330,"date":"2013-03-27T20:50:59","date_gmt":"2013-03-27T19:50:59","guid":{"rendered":"https:\/\/mlz.frystacko.cz\/?p=3330"},"modified":"2013-03-29T19:43:45","modified_gmt":"2013-03-29T18:43:45","slug":"tak-nam-asi-zacalo-jaro-pozvanka-na-malou-hrabeparty","status":"publish","type":"post","link":"https:\/\/mlz.frystacko.cz\/?p=3330","title":{"rendered":"Tak n\u00e1m asi za\u010dalo jaro&#8230;  Hrab\u011bp\u00e1rty asi zru\u0161ena."},"content":{"rendered":"<p><img loading=\"lazy\" decoding=\"async\" class=\"size-thumbnail wp-image-3360 alignleft\" alt=\"IMG_2694\" src=\"https:\/\/mlz.frystacko.cz\/wp-uploads\/2013\/03\/IMG_2694-100x75.jpg\" width=\"100\" height=\"75\" srcset=\"https:\/\/mlz.frystacko.cz\/wp-uploads\/2013\/03\/IMG_2694-100x75.jpg 100w, https:\/\/mlz.frystacko.cz\/wp-uploads\/2013\/03\/IMG_2694-267x200.jpg 267w, https:\/\/mlz.frystacko.cz\/wp-uploads\/2013\/03\/IMG_2694-768x576.jpg 768w, https:\/\/mlz.frystacko.cz\/wp-uploads\/2013\/03\/IMG_2694-1024x768.jpg 1024w, https:\/\/mlz.frystacko.cz\/wp-uploads\/2013\/03\/IMG_2694.jpg 1280w\" sizes=\"auto, (max-width: 100px) 100vw, 100px\" \/> Edit: Hm, chce, ale zapadl to snih, <strong>hrab\u011b nechte doma<\/strong>. \ud83d\ude41<\/p>\n<p>No, jaro m\u00e1me podle kalend\u00e1\u0159e sice u\u017e od 20. , ale je\u0161t\u011b tomu cosi chyb\u00ed&#8230;.t\u0159eba pohrabat.<\/p>\n<p><!--more--><\/p>\n<p>Nasleduj\u00edc\u00ed text u\u017e je asi jen dekorativn\u00ed. Jednak sem se tam byl pod\u00edvat &#8230; nen\u00ed kde hrabat. Druhak panov\u00e9 z CHMI m\u00edrn\u011b up\u0159esnili p\u0159edpov\u011b\u010f a na dopoledne u\u017e slibuj\u00ed sn\u00edh (s de\u0161t\u011bm, asi).<\/p>\n<p>Za chv\u00edlu dopln\u00edm fotky z dne\u0161ka. L\u00e9tat se asi bude d\u00e1t (pro otrl\u00e9), hrab\u011b nebrat.<\/p>\n<p>Zbytek v diskusi.<\/p>\n<hr \/>\n<p>&nbsp;<\/p>\n<p>P\u016fvodn\u00ed text:<\/p>\n<p>Pomalinku a nen\u00e1padn\u011b se n\u00e1m prodlu\u017euje den. Slunko u\u017e zapad\u00e1 po 6. hodin\u011b (!) a pt\u00e1ci jsou st\u00e1le rozvern\u011bj\u0161\u00ed. Zkusil sem pokusn\u011b prchnout tro\u0161ku d\u0159\u00edv z pr\u00e1ce a u\u017e se to d\u00e1 st\u00edhat. \ud83d\ude42\u00a0A od ned\u011ble se posunuje \u010das, tak\u017ee se sice m\u00e9n\u011b vysp\u00edme, ale sv\u011btlo bude a\u017e do 7. Sezona za\u010dala, a\u0165 chceme nebo ne. Te\u010f jsme na \u0159ad\u011b my.<\/p>\n<p>Leti\u0161t\u011b, moment\u00e1ln\u011b vcelku oschl\u00e9 a bez bahna (v p\u00e1tek m\u00e1 trochu popr\u0161et :-\/). Je pln\u00e9 star\u00e9 tr\u00e1vy, zelen\u00e9ho aby jeden pohledal. Zato lo\u0148sk\u00e9 nedopalky jsou dob\u0159e vid\u011bt. A my\u0161i se n\u00e1m zase zasna\u017eily. Vy je n\u011bkdo plat\u00edte nebo to d\u011blaj\u00ed zdarma? \ud83d\ude42 Pomalinku si za\u010dn\u011bte le\u0161tit hrab\u011b, bude to cht\u00edt akci.<\/p>\n<p>Pl\u00e1n na malou Hrab\u011bp\u00e1rty je zat\u00edm jednoduch\u00fd &#8211; pokud v sobotu nebude V\u00ddSLOVN\u011a lit jako z hadice, slezeme se tuto (30.3) sobotu v 10h na plo\u0161e s hrab\u011bma a pokus\u00edme se tomu nen\u00e1padn\u011b domluvit. Kdo m\u016f\u017ee, a\u0165 dojde. Ur\u010dit\u011b to nen\u00ed posledn\u00ed pokus, velkou akci s muzikou, ma\u017eoretkama a traktorem s v\u00e1lcem chyst\u00e1me zat\u00edm na pozd\u011bj\u0161\u00ed obdob\u00ed.<\/p>\n<p>Chmi tvrd\u00ed p\u0159edb\u011b\u017en\u011b toto:<\/p>\n<pre>Zata\u017eeno, m\u00edsty d\u00e9\u0161\u0165 nebo d\u00e9\u0161\u0165 se sn\u011bhem, b\u011bhem dne p\u0159echodn\u011b obla\u010dno. Nejni\u017e\u0161\u00ed\r\nno\u010dn\u00ed teploty 0 a\u017e -4 \u00b0C, nejvy\u0161\u0161\u00ed denn\u00ed 3 a\u017e 7 \u00b0C. Slab\u00fd jihov\u00fdchodn\u00ed,\r\npostupn\u011b severov\u00fdchodn\u00ed v\u00edtr 1 a\u017e 4 m\/s.<\/pre>\n<p>Tj. oproti v\u010derej\u0161\u00ed p\u0159edpov\u011bdi n\u00e1m m\u00edsto &#8222;ob\u010das&#8220; nachystali jen &#8222;m\u00edsty&#8220; a teplotu pomalu zvedaj\u00ed. Jestli to takhle p\u016fjde d\u00e1l, tak v sobotu se budou hodit plavky a palovac\u00ed kr\u00e9m. \ud83d\ude42 Meteogramy u n\u00e1s zat\u00edm nehl\u00e1s\u00ed vodu v\u016fbec.<\/p>\n<p>(pr\u016fb\u011b\u017en\u011b budu odhad po\u010das\u00ed aktualizovat, a pokud bude pravda t\u011bch 3-7\u00b0C a 1-4m\/s&#8230; bych ke hrabj\u00e1m p\u0159ihodil aj k\u0159\u00eddla a ocas. \ud83d\ude42 )<\/p>\n<p>S\u00fdr zkus\u00edm zajistit. \ud83d\ude42<\/p>\n","protected":false},"excerpt":{"rendered":"<p>Edit: Hm, chce, ale zapadl to snih, hrab\u011b nechte doma. \ud83d\ude41 No, jaro m\u00e1me podle kalend\u00e1\u0159e sice u\u017e od 20. , ale je\u0161t\u011b tomu cosi chyb\u00ed&#8230;.t\u0159eba pohrabat.<\/p>\n","protected":false},"author":3,"featured_media":0,"comment_status":"open","ping_status":"closed","sticky":false,"template":"","format":"standard","meta":{"footnotes":""},"categories":[18,8],"tags":[],"class_list":["post-3330","post","type-post","status-publish","format-standard","hentry","category-provoz-na-letisti","category-udrzba"],"_links":{"self":[{"href":"https:\/\/mlz.frystacko.cz\/index.php?rest_route=\/wp\/v2\/posts\/3330","targetHints":{"allow":["GET"]}}],"collection":[{"href":"https:\/\/mlz.frystacko.cz\/index.php?rest_route=\/wp\/v2\/posts"}],"about":[{"href":"https:\/\/mlz.frystacko.cz\/index.php?rest_route=\/wp\/v2\/types\/post"}],"author":[{"embeddable":true,"href":"https:\/\/mlz.frystacko.cz\/index.php?rest_route=\/wp\/v2\/users\/3"}],"replies":[{"embeddable":true,"href":"https:\/\/mlz.frystacko.cz\/index.php?rest_route=%2Fwp%2Fv2%2Fcomments&post=3330"}],"version-history":[{"count":22,"href":"https:\/\/mlz.frystacko.cz\/index.php?rest_route=\/wp\/v2\/posts\/3330\/revisions"}],"predecessor-version":[{"id":3346,"href":"https:\/\/mlz.frystacko.cz\/index.php?rest_route=\/wp\/v2\/posts\/3330\/revisions\/3346"}],"wp:attachment":[{"href":"https:\/\/mlz.frystacko.cz\/index.php?rest_route=%2Fwp%2Fv2%2Fmedia&parent=3330"}],"wp:term":[{"taxonomy":"category","embeddable":true,"href":"https:\/\/mlz.frystacko.cz\/index.php?rest_route=%2Fwp%2Fv2%2Fcategories&post=3330"},{"taxonomy":"post_tag","embeddable":true,"href":"https:\/\/mlz.frystacko.cz\/index.php?rest_route=%2Fwp%2Fv2%2Ftags&post=3330"}],"curies":[{"name":"wp","href":"https:\/\/api.w.org\/{rel}","templated":true}]}}