{"id":33612,"date":"2020-05-31T16:41:40","date_gmt":"2020-05-31T14:41:40","guid":{"rendered":"https:\/\/mlz.frystacko.cz\/?p=33612"},"modified":"2020-05-31T16:47:52","modified_gmt":"2020-05-31T14:47:52","slug":"ratibor-16","status":"publish","type":"post","link":"https:\/\/mlz.frystacko.cz\/?p=33612","title":{"rendered":"Ratibo\u0159&#8230;"},"content":{"rendered":"<p><img loading=\"lazy\" decoding=\"async\" class=\"alignleft size-thumbnail wp-image-33643\" src=\"https:\/\/mlz.frystacko.cz\/wp-uploads\/2020\/05\/zm.IMG_8241-100x67.jpg\" alt=\"\" width=\"100\" height=\"67\" srcset=\"https:\/\/mlz.frystacko.cz\/wp-uploads\/2020\/05\/zm.IMG_8241-100x67.jpg 100w, https:\/\/mlz.frystacko.cz\/wp-uploads\/2020\/05\/zm.IMG_8241-300x200.jpg 300w, https:\/\/mlz.frystacko.cz\/wp-uploads\/2020\/05\/zm.IMG_8241-1024x683.jpg 1024w, https:\/\/mlz.frystacko.cz\/wp-uploads\/2020\/05\/zm.IMG_8241-768x512.jpg 768w, https:\/\/mlz.frystacko.cz\/wp-uploads\/2020\/05\/zm.IMG_8241.jpg 1200w\" sizes=\"auto, (max-width: 100px) 100vw, 100px\" \/>P\u00e1tek i sobota byly nev\u00fdrazn\u011b severo-v\u00fdchodn\u00ed&#8230;. ale zu\u017eitkovat to \u0161lo. \ud83d\ude42<\/p>\n<p><!--more-->Na p\u00e1tek sem si nebyl jist\u00fd, jestli to stoj\u00ed v\u016fbec za to&#8230; Lubo\u0161 mne hecoval u\u017e den p\u0159edem, ale &#8230; no zkusili sme to, kolem 4 pod kopcem a n\u011bjak\u00e1 ta hodinka z toho byla. Po\u010das\u00ed p\u0159\u00edjemn\u00e9, pokud si jeden vzal dvoje ga\u0165e a bundu&#8230; \ud83d\ude44 Chv\u00edlu sme se st\u0159\u00eddali, chv\u00edlu l\u00e9tali oba&#8230; kdy\u017e v\u011btr zesl\u00e1bl, vyt\u00e1hl sem Eldor\u00e1do otrochumotoravan\u00e9 a Lubo\u0161 Nimbusa. Obloha se postupn\u011b hezky vypolojasnila. Pod kopcem byl n\u011bjak\u00fd pohyb a pozd\u011bj sme si v\u0161imli, \u017ee &#8222;u\u017e&#8220; sundali M\u00e1jku. Hm&#8230;<\/p>\n<p>V sobotu sem hecnul Lu\u010fu. R\u00e1no byly sl\u00edben\u00e9 lehk\u00e9 p\u0159eh\u00e1\u0148ky a potom n\u011bco v\u011bt\u0161\u00edho n\u011bkdy po t\u0159et\u00ed&#8230; mezi t\u00edm spousta \u010dasu. Zdr\u017eel sem se&#8230; p\u0159ed 11 sem vyr\u00e1\u017eel a Lu\u010fa napsal, \u017ee tam trochu kape&#8230;.hm, to p\u0159ejde. Na radaru byla vid\u011bt je\u0161t\u011b jedna takov\u00e1&#8230;ale sl\u00e1bla&#8230;t\u0159eba nedoleze. (dolezla) Lu\u010fa tam vyt\u00e1hl stroj sp\u00ed\u0161 do termiky&#8230; stoupal hezky, na p\u0159ist\u00e1n\u00ed se mu cht\u011blo m\u00ed\u0148. \ud83d\ude42 Druh\u00e1 p\u0159eh\u00e1\u0148ka ho chytila ve vzduchu. P\u0159ist\u00e1val tak dlouho, dokud nep\u0159estalo pr\u0161et, ale na zem to nakonec dostal p\u011bkn\u011b. Zbytek dne sme si u\u017e\u00edvali hezk\u00e9ho po\u010dasa. Kolem t\u00e9 sl\u00edben\u00e9 t\u0159et\u00ed za\u010dal b\u00fdt nep\u0159\u00edjemn\u00fd dojem z vody za prot\u011bj\u0161\u00edm h\u0159ebenem, tak\u017ee do\u0161lo na \u00faklid a opatrn\u00fd \u00fastup&#8230; u\u017e v mrholen\u00ed. Na kraji lesa sme zahl\u00eddli kousek v\u00fd\u0161kovek vyl\u00e9zt a zase zal\u00e9zt dpod stromy&#8230; a na m\u00edst\u011b Hugo. P\u0159eh\u00e1\u0148ku z\u0159ejm\u011b z \u010d\u00e1sti p\u0159e\u010dkali pod stromem. V dob\u011b kdy sem odj\u00ed\u017ed\u011bl, u\u017e poletovali. \u0160ly 2 lehk\u00e9 p\u0159eh\u00e1\u0148ky a za t\u00edm n\u011bco vypasen\u011bj\u0161\u00edho&#8230; Tak douf\u00e1m, \u017ee pol\u00e9tali a\u00a0 moc je to nezal\u00e9lo. \ud83d\ude42<\/p>\n<p>Prima to bylo. \u0160el bych zrovna zas&#8230;. kup\u0159\u00edkladu na pond\u011bl\u00ed to zat\u00edm vypad\u00e1, \u017ee by to mohlo j\u00edt taky&#8230; ale&#8230; \ud83d\ude44<\/p>\n","protected":false},"excerpt":{"rendered":"<p>P\u00e1tek i sobota byly nev\u00fdrazn\u011b severo-v\u00fdchodn\u00ed&#8230;. ale zu\u017eitkovat to \u0161lo. \ud83d\ude42<\/p>\n","protected":false},"author":3,"featured_media":0,"comment_status":"open","ping_status":"closed","sticky":false,"template":"","format":"standard","meta":{"footnotes":""},"categories":[21],"tags":[],"class_list":["post-33612","post","type-post","status-publish","format-standard","hentry","category-svah"],"_links":{"self":[{"href":"https:\/\/mlz.frystacko.cz\/index.php?rest_route=\/wp\/v2\/posts\/33612","targetHints":{"allow":["GET"]}}],"collection":[{"href":"https:\/\/mlz.frystacko.cz\/index.php?rest_route=\/wp\/v2\/posts"}],"about":[{"href":"https:\/\/mlz.frystacko.cz\/index.php?rest_route=\/wp\/v2\/types\/post"}],"author":[{"embeddable":true,"href":"https:\/\/mlz.frystacko.cz\/index.php?rest_route=\/wp\/v2\/users\/3"}],"replies":[{"embeddable":true,"href":"https:\/\/mlz.frystacko.cz\/index.php?rest_route=%2Fwp%2Fv2%2Fcomments&post=33612"}],"version-history":[{"count":4,"href":"https:\/\/mlz.frystacko.cz\/index.php?rest_route=\/wp\/v2\/posts\/33612\/revisions"}],"predecessor-version":[{"id":33659,"href":"https:\/\/mlz.frystacko.cz\/index.php?rest_route=\/wp\/v2\/posts\/33612\/revisions\/33659"}],"wp:attachment":[{"href":"https:\/\/mlz.frystacko.cz\/index.php?rest_route=%2Fwp%2Fv2%2Fmedia&parent=33612"}],"wp:term":[{"taxonomy":"category","embeddable":true,"href":"https:\/\/mlz.frystacko.cz\/index.php?rest_route=%2Fwp%2Fv2%2Fcategories&post=33612"},{"taxonomy":"post_tag","embeddable":true,"href":"https:\/\/mlz.frystacko.cz\/index.php?rest_route=%2Fwp%2Fv2%2Ftags&post=33612"}],"curies":[{"name":"wp","href":"https:\/\/api.w.org\/{rel}","templated":true}]}}