{"id":34102,"date":"2020-08-12T11:46:50","date_gmt":"2020-08-12T09:46:50","guid":{"rendered":"https:\/\/mlz.frystacko.cz\/?p=34102"},"modified":"2020-08-24T19:38:05","modified_gmt":"2020-08-24T17:38:05","slug":"22-cmelak-model-show-2020","status":"publish","type":"post","link":"https:\/\/mlz.frystacko.cz\/?p=34102","title":{"rendered":"22. \u010cmel\u00e1k model show 2020"},"content":{"rendered":"<p><img loading=\"lazy\" decoding=\"async\" class=\"alignleft size-thumbnail wp-image-34104\" src=\"https:\/\/mlz.frystacko.cz\/wp-uploads\/2020\/08\/\u010cmel\u00e1k_2020_Boj-o-p\u00e1lenicu_res-100x56.jpg\" alt=\"\" width=\"100\" height=\"56\" srcset=\"https:\/\/mlz.frystacko.cz\/wp-uploads\/2020\/08\/\u010cmel\u00e1k_2020_Boj-o-p\u00e1lenicu_res-100x56.jpg 100w, https:\/\/mlz.frystacko.cz\/wp-uploads\/2020\/08\/\u010cmel\u00e1k_2020_Boj-o-p\u00e1lenicu_res-300x169.jpg 300w, https:\/\/mlz.frystacko.cz\/wp-uploads\/2020\/08\/\u010cmel\u00e1k_2020_Boj-o-p\u00e1lenicu_res-1024x576.jpg 1024w, https:\/\/mlz.frystacko.cz\/wp-uploads\/2020\/08\/\u010cmel\u00e1k_2020_Boj-o-p\u00e1lenicu_res-768x432.jpg 768w, https:\/\/mlz.frystacko.cz\/wp-uploads\/2020\/08\/\u010cmel\u00e1k_2020_Boj-o-p\u00e1lenicu_res-1536x864.jpg 1536w, https:\/\/mlz.frystacko.cz\/wp-uploads\/2020\/08\/\u010cmel\u00e1k_2020_Boj-o-p\u00e1lenicu_res.jpg 1885w\" sizes=\"auto, (max-width: 100px) 100vw, 100px\" \/>P\u0159i\u0161el jsem, vid\u011bl jsem, pol\u00e9tal jsem, vyfotil jsem, pokecal a ode\u0161el jsem.<\/p>\n<p><!--more--><\/p>\n<p>22. ro\u010dn\u00edk \u010dmel\u00e1ka byl par\u00e1dn\u00ed. Registrov\u00e1no bylo v\u00edce n\u011b\u017e 80 pilot\u016f, tak\u017ee se bylo na co d\u00edvat. Po\u010das\u00ed &#8211; ANO &#8211; bylo opravdu letn\u00ed. Slunce sv\u00edtilo, p\u0159ipalovalo, mraky nebyly, v\u011bt\u0159\u00edk &#8211; z kategorie lehk\u00fd v\u00e1nek nebo nic, n\u00e1v\u0161t\u011bvn\u00edk\u016f p\u0159im\u011b\u0159en\u011b (hodn\u011b), ale nikdo snad netrp\u011bl nedostatkem m\u00edsta nebo rozhledu.<\/p>\n<p>Pro m\u011b byl leto\u0161n\u00ed ro\u010dn\u00edk opravdu v\u00fdjime\u010dn\u00fd. Bellanca se toti\u017e zapojila do kombatu. Za\u010dalo to sp\u00ed\u0161e hecem na Bu\u0159t p\u00e1rty, ale n\u011bkte\u0159\u00ed si to pamatovali a tak jsem dostal od Jirky Pavl\u00edka p\u00e1r dn\u00ed p\u0159ed \u010cmel\u00e1kem p\u0159\u00edm\u00fd dotaz: ,,Bude\u0161 na \u010cmel\u00e1kovi l\u00e9tat kombat s Bellancou?&#8220; Na moje p\u0159ipom\u00ednky, \u017ee se to nehod\u00ed a kdesi cosi nebral ohled, nechal m\u011b vykecat a po\u010dkal si, a\u017e \u0159eknu ANO. No, a bylo to super. Stuha na Bel\u010di z\u016fstala netknut\u00e1.<\/p>\n<p>Z\u00fa\u010dastnili jsme se (s Ditou) pouze sobotn\u00edho programu, za to v\u0161ak celodenn\u00edho. P\u0159\u00edjezd kr\u00e1tce p\u0159ed des\u00e1tou (co\u017e byl ofici\u00e1ln\u00ed \u010das zah\u00e1jen\u00ed) a odjezd po osmn\u00e1ct\u00e9 (co\u017e byl ofici\u00e1ln\u00ed \u010das ukon\u010den\u00ed letov\u00e9ho dne). Ufffff &#8230; Trocha st\u00ednu pod stanem p\u0159i ob\u011bdov\u00e9 p\u0159est\u00e1vce p\u0159i\u0161la vhod.<\/p>\n<p>&nbsp;<\/p>\n<p><strong>Fotky? Jasn\u011b \u017ee jsou.<\/strong><\/p>\n<p>&nbsp;<\/p>\n<p><em>aerovleky:<\/em> <a href=\"https:\/\/czlusa.rajce.idnes.cz\/Cmelak_model_show_2020_aerovleky\/\">https:\/\/czlusa.rajce.idnes.cz\/Cmelak_model_show_2020_aerovleky\/<\/a><\/p>\n<p><em>jety:<\/em> <a href=\"https:\/\/czlusa.rajce.idnes.cz\/Cmelak_model_show_2020_jety\/\">https:\/\/czlusa.rajce.idnes.cz\/Cmelak_model_show_2020_jety\/<\/a><\/p>\n<p><em>boj o p\u00e1lenicu:<\/em> <a href=\"https:\/\/czlusa.rajce.idnes.cz\/Cmelak_model_show_2020_boj_o_palenicu\/\">https:\/\/czlusa.rajce.idnes.cz\/Cmelak_model_show_2020_boj_o_palenicu\/<\/a><\/p>\n<p><em>show:<\/em> <a href=\"https:\/\/czlusa.rajce.idnes.cz\/Cmelak_model_show_2020_show\/\">https:\/\/czlusa.rajce.idnes.cz\/Cmelak_model_show_2020_show\/<\/a><\/p>\n<p><em>stoj\u00e1nka:<\/em> <a href=\"https:\/\/czlusa.rajce.idnes.cz\/Cmelak_model_show_2020_stojanka\/\">https:\/\/czlusa.rajce.idnes.cz\/Cmelak_model_show_2020_stojanka\/<\/a><\/p>\n<p>&nbsp;<\/p>\n<p>video: <a href=\"https:\/\/www.youtube.com\/watch?v=64k4898sgXs\">https:\/\/www.youtube.com\/watch?v=64k4898sgXs<\/a><\/p>\n<p>&nbsp;<\/p>\n<p>Ostatn\u00ed videa ze \u010cmel\u00e1ka najdete tamt\u00e9\u017e.<\/p>\n<p>&nbsp;<\/p>\n","protected":false},"excerpt":{"rendered":"<p>P\u0159i\u0161el jsem, vid\u011bl jsem, pol\u00e9tal jsem, vyfotil jsem, pokecal a ode\u0161el jsem.<\/p>\n","protected":false},"author":13,"featured_media":0,"comment_status":"open","ping_status":"closed","sticky":false,"template":"","format":"standard","meta":{"footnotes":""},"categories":[6,7],"tags":[],"class_list":["post-34102","post","type-post","status-publish","format-standard","hentry","category-akce","category-mimo"],"_links":{"self":[{"href":"https:\/\/mlz.frystacko.cz\/index.php?rest_route=\/wp\/v2\/posts\/34102","targetHints":{"allow":["GET"]}}],"collection":[{"href":"https:\/\/mlz.frystacko.cz\/index.php?rest_route=\/wp\/v2\/posts"}],"about":[{"href":"https:\/\/mlz.frystacko.cz\/index.php?rest_route=\/wp\/v2\/types\/post"}],"author":[{"embeddable":true,"href":"https:\/\/mlz.frystacko.cz\/index.php?rest_route=\/wp\/v2\/users\/13"}],"replies":[{"embeddable":true,"href":"https:\/\/mlz.frystacko.cz\/index.php?rest_route=%2Fwp%2Fv2%2Fcomments&post=34102"}],"version-history":[{"count":11,"href":"https:\/\/mlz.frystacko.cz\/index.php?rest_route=\/wp\/v2\/posts\/34102\/revisions"}],"predecessor-version":[{"id":34303,"href":"https:\/\/mlz.frystacko.cz\/index.php?rest_route=\/wp\/v2\/posts\/34102\/revisions\/34303"}],"wp:attachment":[{"href":"https:\/\/mlz.frystacko.cz\/index.php?rest_route=%2Fwp%2Fv2%2Fmedia&parent=34102"}],"wp:term":[{"taxonomy":"category","embeddable":true,"href":"https:\/\/mlz.frystacko.cz\/index.php?rest_route=%2Fwp%2Fv2%2Fcategories&post=34102"},{"taxonomy":"post_tag","embeddable":true,"href":"https:\/\/mlz.frystacko.cz\/index.php?rest_route=%2Fwp%2Fv2%2Ftags&post=34102"}],"curies":[{"name":"wp","href":"https:\/\/api.w.org\/{rel}","templated":true}]}}