{"id":34705,"date":"2020-10-31T20:42:59","date_gmt":"2020-10-31T19:42:59","guid":{"rendered":"https:\/\/mlz.frystacko.cz\/?p=34705"},"modified":"2020-10-31T20:42:59","modified_gmt":"2020-10-31T19:42:59","slug":"sobota-17","status":"publish","type":"post","link":"https:\/\/mlz.frystacko.cz\/?p=34705","title":{"rendered":"Sobota&#8230;"},"content":{"rendered":"<p><img loading=\"lazy\" decoding=\"async\" class=\"alignleft size-thumbnail wp-image-34716\" src=\"https:\/\/mlz.frystacko.cz\/wp-uploads\/2020\/10\/zm.IMG_4725-100x67.jpg\" alt=\"\" width=\"100\" height=\"67\" srcset=\"https:\/\/mlz.frystacko.cz\/wp-uploads\/2020\/10\/zm.IMG_4725-100x67.jpg 100w, https:\/\/mlz.frystacko.cz\/wp-uploads\/2020\/10\/zm.IMG_4725-300x200.jpg 300w, https:\/\/mlz.frystacko.cz\/wp-uploads\/2020\/10\/zm.IMG_4725-1024x683.jpg 1024w, https:\/\/mlz.frystacko.cz\/wp-uploads\/2020\/10\/zm.IMG_4725-768x512.jpg 768w, https:\/\/mlz.frystacko.cz\/wp-uploads\/2020\/10\/zm.IMG_4725-940x627.jpg 940w, https:\/\/mlz.frystacko.cz\/wp-uploads\/2020\/10\/zm.IMG_4725.jpg 1200w\" sizes=\"auto, (max-width: 100px) 100vw, 100px\" \/>P\u00e1r fotek z chvilku-hezk\u00e9-soboty.<\/p>\n<p><!--more-->R\u00e1no tomu moc nenasv\u011bd\u010dovalo, ale odpoledne bylo nakonec hezk\u00e9. Aj slunko vylezlo. Pravdou je, \u017ee v r\u00e1mci neshlukov\u00e1n\u00ed sme se prost\u0159\u00eddali a i v kusov\u00e9m mno\u017estv\u00ed dr\u017eeli odstupy&#8230; hlavn\u011b ve vzduchu&#8230; \ud83d\ude42<\/p>\n<p>Aj na termiku do\u0161lo. Nebo aspo\u0148 ti pt\u00e1ci, co se jich tam st\u00e1do vyrojilo, to dost vehementn\u011b nazna\u010dovali&#8230; \ud83d\ude42<\/p>\n<p><small><small><small>Plocha je &#8222;tradi\u010dn\u011b&#8220; op\u011bt d\u016fkladn\u011b pokokot\u011bn\u00e1, aby se ne\u0159eklo. Marcel mne na to upozor\u0148oval u\u017e v t\u00fddnu.<br \/>\n<\/small><\/small><\/small><small><small><small>Taky se n\u00e1m tam protla\u010dila quadkopt\u00e9ra \u0161ikmo kolem plochy a mizela n\u011bkam za Hadovnu&#8230; ur\u010dit\u011b \u00fapln\u011b v souladu s vyhl\u00e1\u0161kou o &#8222;p\u0159\u00edm\u00e9 viditelnosti&#8220; a \u0159\u00edzen\u00ed na ruky&#8230;. tfuj, kr\u00e1m.<\/small><\/small><\/small><\/p>\n","protected":false},"excerpt":{"rendered":"<p>P\u00e1r fotek z chvilku-hezk\u00e9-soboty.<\/p>\n","protected":false},"author":3,"featured_media":0,"comment_status":"open","ping_status":"closed","sticky":false,"template":"","format":"standard","meta":{"footnotes":""},"categories":[18],"tags":[],"class_list":["post-34705","post","type-post","status-publish","format-standard","hentry","category-provoz-na-letisti"],"_links":{"self":[{"href":"https:\/\/mlz.frystacko.cz\/index.php?rest_route=\/wp\/v2\/posts\/34705","targetHints":{"allow":["GET"]}}],"collection":[{"href":"https:\/\/mlz.frystacko.cz\/index.php?rest_route=\/wp\/v2\/posts"}],"about":[{"href":"https:\/\/mlz.frystacko.cz\/index.php?rest_route=\/wp\/v2\/types\/post"}],"author":[{"embeddable":true,"href":"https:\/\/mlz.frystacko.cz\/index.php?rest_route=\/wp\/v2\/users\/3"}],"replies":[{"embeddable":true,"href":"https:\/\/mlz.frystacko.cz\/index.php?rest_route=%2Fwp%2Fv2%2Fcomments&post=34705"}],"version-history":[{"count":5,"href":"https:\/\/mlz.frystacko.cz\/index.php?rest_route=\/wp\/v2\/posts\/34705\/revisions"}],"predecessor-version":[{"id":34735,"href":"https:\/\/mlz.frystacko.cz\/index.php?rest_route=\/wp\/v2\/posts\/34705\/revisions\/34735"}],"wp:attachment":[{"href":"https:\/\/mlz.frystacko.cz\/index.php?rest_route=%2Fwp%2Fv2%2Fmedia&parent=34705"}],"wp:term":[{"taxonomy":"category","embeddable":true,"href":"https:\/\/mlz.frystacko.cz\/index.php?rest_route=%2Fwp%2Fv2%2Fcategories&post=34705"},{"taxonomy":"post_tag","embeddable":true,"href":"https:\/\/mlz.frystacko.cz\/index.php?rest_route=%2Fwp%2Fv2%2Ftags&post=34705"}],"curies":[{"name":"wp","href":"https:\/\/api.w.org\/{rel}","templated":true}]}}