{"id":34747,"date":"2020-11-16T08:49:17","date_gmt":"2020-11-16T07:49:17","guid":{"rendered":"https:\/\/mlz.frystacko.cz\/?p=34747"},"modified":"2020-11-16T08:49:17","modified_gmt":"2020-11-16T07:49:17","slug":"nedela-zamracena","status":"publish","type":"post","link":"https:\/\/mlz.frystacko.cz\/?p=34747","title":{"rendered":"Ned\u011bla, zamra\u010den\u00e1&#8230;"},"content":{"rendered":"<p><img loading=\"lazy\" decoding=\"async\" class=\"alignleft size-thumbnail wp-image-34760\" src=\"https:\/\/mlz.frystacko.cz\/wp-uploads\/2020\/11\/zm.IMG_4789-100x67.jpg\" alt=\"\" width=\"100\" height=\"67\" srcset=\"https:\/\/mlz.frystacko.cz\/wp-uploads\/2020\/11\/zm.IMG_4789-100x67.jpg 100w, https:\/\/mlz.frystacko.cz\/wp-uploads\/2020\/11\/zm.IMG_4789-300x200.jpg 300w, https:\/\/mlz.frystacko.cz\/wp-uploads\/2020\/11\/zm.IMG_4789-1024x683.jpg 1024w, https:\/\/mlz.frystacko.cz\/wp-uploads\/2020\/11\/zm.IMG_4789-768x512.jpg 768w, https:\/\/mlz.frystacko.cz\/wp-uploads\/2020\/11\/zm.IMG_4789-940x627.jpg 940w, https:\/\/mlz.frystacko.cz\/wp-uploads\/2020\/11\/zm.IMG_4789.jpg 1200w\" sizes=\"auto, (max-width: 100px) 100vw, 100px\" \/>Aby se ne\u0159eklo, \u017ee po\u0159\u00e1d sed\u00edm doma, nabil sem baterky a zajel vyven\u010dit Proximu&#8230;<\/p>\n<p><!--more-->K m\u00e9mu p\u0159ekvapen\u00ed byl na leti\u0161ti i n\u011bjak\u00fd provoz&#8230; by\u0165 teda tou dobou byl ve\u0161ker\u00fdm davem Lud\u011bk. \u0160patn\u011b oble\u010den\u00fd, bo si st\u011b\u017eoval na ne-zcela-teplo. Nav\u00edc sem ho musel p\u0159esv\u011bd\u010dovat, \u017ee ten vichr, co mu cloum\u00e1 letadlem nem\u00e1 ani 3m\/s&#8230; pro takov\u00e9 p\u0159\u00edpady nos\u00edm p\u0159\u00edstroj, bo vl\u00eddn\u00e9mu slovu hypochond\u0159i nev\u011b\u0159\u00ed. <img src=\"https:\/\/mlz.frystacko.cz\/wp-includes\/images\/smilies\/mrgreen.png\" alt=\":mrgreen:\" class=\"wp-smiley\" style=\"height: 1em; max-height: 1em;\" \/> Na druhou stranu, nafukovalo to ten plac od rem\u00edzka, tak\u017ee to \u00fapln\u011b zdechl\u00fd vzduch nebyl a letadlo se vylo\u017een\u011b nesypalo. \ud83d\ude42<\/p>\n<p>Kolem ty\u010dky se zase proto\u010dil \u010dty\u0159kol\u00fd debil. Na lavce, pro zm\u011bnu, dob\u00edjel baterky n\u011bjak pt\u00e1ko\u0161. \ud83d\ude42<\/p>\n<p>Po jist\u00e9m \u010dase se p\u0159ikut\u00e1leli dal\u0161\u00ed, tak\u017ee sem nemusel celou dobu r\u00fdpat jen do Lu\u010fka. L\u00e9talo se \u010d\u00edm \u0161lo. Honza m\u011bl osv\u011btlen\u00ed (a pravda, i funk\u010dn\u00ed ruky) tak\u017ee mohl poletovat a\u017e do tmy.<\/p>\n","protected":false},"excerpt":{"rendered":"<p>Aby se ne\u0159eklo, \u017ee po\u0159\u00e1d sed\u00edm doma, nabil sem baterky a zajel vyven\u010dit Proximu&#8230;<\/p>\n","protected":false},"author":3,"featured_media":0,"comment_status":"open","ping_status":"closed","sticky":false,"template":"","format":"standard","meta":{"footnotes":""},"categories":[18],"tags":[],"class_list":["post-34747","post","type-post","status-publish","format-standard","hentry","category-provoz-na-letisti"],"_links":{"self":[{"href":"https:\/\/mlz.frystacko.cz\/index.php?rest_route=\/wp\/v2\/posts\/34747","targetHints":{"allow":["GET"]}}],"collection":[{"href":"https:\/\/mlz.frystacko.cz\/index.php?rest_route=\/wp\/v2\/posts"}],"about":[{"href":"https:\/\/mlz.frystacko.cz\/index.php?rest_route=\/wp\/v2\/types\/post"}],"author":[{"embeddable":true,"href":"https:\/\/mlz.frystacko.cz\/index.php?rest_route=\/wp\/v2\/users\/3"}],"replies":[{"embeddable":true,"href":"https:\/\/mlz.frystacko.cz\/index.php?rest_route=%2Fwp%2Fv2%2Fcomments&post=34747"}],"version-history":[{"count":1,"href":"https:\/\/mlz.frystacko.cz\/index.php?rest_route=\/wp\/v2\/posts\/34747\/revisions"}],"predecessor-version":[{"id":34765,"href":"https:\/\/mlz.frystacko.cz\/index.php?rest_route=\/wp\/v2\/posts\/34747\/revisions\/34765"}],"wp:attachment":[{"href":"https:\/\/mlz.frystacko.cz\/index.php?rest_route=%2Fwp%2Fv2%2Fmedia&parent=34747"}],"wp:term":[{"taxonomy":"category","embeddable":true,"href":"https:\/\/mlz.frystacko.cz\/index.php?rest_route=%2Fwp%2Fv2%2Fcategories&post=34747"},{"taxonomy":"post_tag","embeddable":true,"href":"https:\/\/mlz.frystacko.cz\/index.php?rest_route=%2Fwp%2Fv2%2Ftags&post=34747"}],"curies":[{"name":"wp","href":"https:\/\/api.w.org\/{rel}","templated":true}]}}