{"id":36744,"date":"2021-10-02T21:38:29","date_gmt":"2021-10-02T19:38:29","guid":{"rendered":"https:\/\/mlz.frystacko.cz\/?p=36744"},"modified":"2021-10-06T09:10:39","modified_gmt":"2021-10-06T07:10:39","slug":"olsina-sobotni-2","status":"publish","type":"post","link":"https:\/\/mlz.frystacko.cz\/?p=36744","title":{"rendered":"Ol\u0161ina sobotn\u00ed&#8230; a ned\u011bln\u00ed&#8230; a \u00fatern\u00ed"},"content":{"rendered":"<p><img loading=\"lazy\" decoding=\"async\" class=\"alignleft size-thumbnail wp-image-36763\" src=\"https:\/\/mlz.frystacko.cz\/wp-uploads\/2021\/10\/zm.IMG_5988-100x67.jpg\" alt=\"\" width=\"100\" height=\"67\" srcset=\"https:\/\/mlz.frystacko.cz\/wp-uploads\/2021\/10\/zm.IMG_5988-100x67.jpg 100w, https:\/\/mlz.frystacko.cz\/wp-uploads\/2021\/10\/zm.IMG_5988-300x200.jpg 300w, https:\/\/mlz.frystacko.cz\/wp-uploads\/2021\/10\/zm.IMG_5988-1024x683.jpg 1024w, https:\/\/mlz.frystacko.cz\/wp-uploads\/2021\/10\/zm.IMG_5988-768x512.jpg 768w, https:\/\/mlz.frystacko.cz\/wp-uploads\/2021\/10\/zm.IMG_5988-940x627.jpg 940w, https:\/\/mlz.frystacko.cz\/wp-uploads\/2021\/10\/zm.IMG_5988.jpg 1200w\" sizes=\"auto, (max-width: 100px) 100vw, 100px\" \/>V sobotu byl pro zm\u011bnu ji\u017e\u00e1\u010dek&#8230;<\/p>\n<p>Edit: p\u0159ibyla ned\u011bla&#8230;. a \u00fater\u00fd<\/p>\n<p><!--more--><br \/>\nSi m\u016f\u017ee kdo\/co chce \u0159\u00edkat, ale kopec je kopec. V sobotu bylo kr\u00e1sn\u011b teplo, slunko sv\u00edtilo, dr\u017eku m\u00e1m lehce p\u0159ipeklou, v\u011btr pofukoval, tak\u017ee sem si toho ani n\u011bjak nev\u0161iml&#8230;.<\/p>\n<p>Jinak v\u0161e v norm\u00e1lu. L\u00e9talo se v po\u010dtu pohodln\u00e9m (4 piloti a \u017e\u00e1dn\u00fd pytel), bylo veselo a nic se neroztloukalo. A a\u017e kdy\u017e se ozvalo nezvykl\u00e9 trouben\u00ed a pod kopcem si prosup\u011bl <a href=\"https:\/\/cs.wikipedia.org\/wiki\/Motorov%C3%BD_v%C5%AFz_M_131.1\" target=\"_blank\" rel=\"noopener\">Hurv\u00ednek<\/a>, vypadlo z \u0160\u00e1\u0161uly, \u017ee je dnes v Kromclu jak\u00fdsi Den uniformovan\u00fdch sbor\u016f, \u010di \u010deho. \u017de m\u00e1 jet dal\u0161i vlak bylo poznat i podle \u0161otou\u0161\u016f, post\u00e1vaj\u00edc\u00edch kolem trati. Krom Hurv\u00ednka ale jezdila zase &#8222;jen&#8220; modr\u00e1 810. Podle fotek p\u0159epln\u011bn\u00e9 nebyly, ale \u00fapln\u011b pr\u00e1zdn\u00e9 taky ne.<\/p>\n<p>Jo&#8230; a taky byla v okol\u00ed i Rallye a Radek krz to nesp\u011bchal dom\u016f, bo n\u011bkde kolem Bun\u010de bylo p\u0159\u00edli\u0161 veselo. :\/ Po okol\u00ed se a\u017e do ve\u010dera proh\u00e1n\u011bla vozidla r\u016fzn\u011b divoce vr\u010d\u00edc\u00ed, ob\u010das n\u011bco tr\u010delo u krajnice&#8230;nejsp\u00ed\u0161 nedobrovoln\u011b. :\/ Ka\u017ed\u00fd si blbneme po svojem. \ud83d\ude42<\/p>\n<p>Tolik ve zkratce hl\u00e1\u0161en\u00ed ze soboty. V ned\u011blu m\u00e1 foukat je\u0161t\u011b l\u00e9peji&#8230; \ud83d\ude44<\/p>\n<hr \/>\n<p>V ned\u011blu to bylo v\u00fd\u017eivn\u011bj\u0161\u00ed. Lid\u00ed bylo taky o trochu v\u00edc, ale nic p\u0159ehnan\u00e9ho. Vlezli sme se. Foukalo dostate\u010dn\u011b, jen Lu\u010fa se je\u0161t\u011b musel zeptat, jestli m\u00e1 n\u011bco nalo\u017eit (1.9kg na F3B nen\u00ed nic moc :D, p\u0159idal, ale opatrn\u011b \ud83d\ude44 ) Kolem 5 se to zadeklovalo a oto\u010dilo citeln\u011b k v\u00fdchodu, ale poletovalo se d\u00e1l. Ti co p\u0159ijeli pozd\u011b, nem\u011bli stejn\u011b na v\u00fdb\u011br.<\/p>\n<p>Vyti\u0161t\u011bnec na pozd\u011bj\u0161\u00edch obr\u00e1zkoch je vlastn\u00ed konstrukce &#8211; l\u00e9tal rozumn\u011b, na to \u017ee mu foukalo dost z boku. Pes mu zrovna od\u0161t\u011bal ka\u017ed\u00fd start, aby bylo veselo.<\/p>\n<p>&#8230;.a na \u00fater\u00fd to vypad\u00e1&#8230;. \ud83d\ude1b<\/p>\n<hr \/>\n<p><img loading=\"lazy\" decoding=\"async\" class=\"alignright size-medium wp-image-36901\" src=\"https:\/\/mlz.frystacko.cz\/wp-uploads\/2021\/10\/zm.IMG_6518-300x200.jpg\" alt=\"\" width=\"300\" height=\"200\" srcset=\"https:\/\/mlz.frystacko.cz\/wp-uploads\/2021\/10\/zm.IMG_6518-300x200.jpg 300w, https:\/\/mlz.frystacko.cz\/wp-uploads\/2021\/10\/zm.IMG_6518-1024x683.jpg 1024w, https:\/\/mlz.frystacko.cz\/wp-uploads\/2021\/10\/zm.IMG_6518-100x67.jpg 100w, https:\/\/mlz.frystacko.cz\/wp-uploads\/2021\/10\/zm.IMG_6518-768x512.jpg 768w, https:\/\/mlz.frystacko.cz\/wp-uploads\/2021\/10\/zm.IMG_6518-940x627.jpg 940w, https:\/\/mlz.frystacko.cz\/wp-uploads\/2021\/10\/zm.IMG_6518.jpg 1200w\" sizes=\"auto, (max-width: 300px) 100vw, 300px\" \/>ano&#8230; v \u00fater\u00fd to nejen vypadalo, ale i bylo zaj\u00edmav\u00e9. Pofukovalo p\u011bkn\u011b, v tu 1, co sem dojel se to dr\u017eelo stabiln\u011b &#8222;u\u017e jen&#8220; kolem 13m, v n\u00e1razech to \u0161lo nad 15&#8230; Co za\u017eil \u0160\u00e1\u0161ula si skoro neum\u00edm p\u0159edstavit. Odl\u00e9tal si svoji hodinu sl\u00e1vy a v\u00edcem\u00e9n\u011b sme se st\u0159\u00eddali. Tak sem si slo\u017eil svoje a jal se poletovat. Vzduch byl trochu hrbat\u011bj\u0161\u00ed, ne\u017e by se mohlo jednomu l\u00edbit, ale \u0161lo to. Ne\u0159e\u0161il sem balast&#8230;2.7kg jako obvykle. (ne \u017ee bych n\u011bjak v\u00edc um\u011bl). Po \u010dase se uk\u00e1zal Milan, snad rok sem ho nevid\u011bl&#8230;ale poznat sme se je\u0161t\u011b poznali. Nalo\u017eil co \u0161lo a l\u00e9tal&#8230;. n\u011bjak\u00fd \u010das. Pak se spokojen\u011b rozvalil na svahu&#8230;. bylo skute\u010dn\u011b p\u0159\u00edjemn\u011b, zem po\u0159\u00e1d je\u0161t\u011b tepl\u00e1, such\u00e1&#8230;.no prost\u011b prima na povalov\u00e1n\u00ed. Na to, \u017ee je za\u010dal \u0159\u00edjen&#8230;.neuv\u011b\u0159iteln\u00e9. Mi sta\u010dila flanelka, bunda z\u016fstala smotan\u00e1 na batohu. Posledn\u00ed se uk\u00e1zal Franta&#8230;m\u00e1 to nejbl\u00ed\u017e, tak si to m\u016f\u017ee dovolit. K\u0159\u00eddlo spraven\u00e9, byteln\u011b vyztu\u017een\u00e9, do aktu\u00e1ln\u00edch podm\u00ednek v\u00fdslovn\u011b vodn\u00e9.<\/p>\n<p>V\u011btr m\u011bl sl\u00e1bnout jen pozvolna a to taky d\u011blal. Balil sem kolem p\u016fl na 6. Spokojen\u00fd, vyl\u00e9tan\u00fd&#8230;. do p\u0159\u00ed\u0161t\u011b u\u017e to asi bude na ko\u017euch, ale t\u011b\u0161\u00edm se. \ud83d\ude42<\/p>\n","protected":false},"excerpt":{"rendered":"<p>V sobotu byl pro zm\u011bnu ji\u017e\u00e1\u010dek&#8230; Edit: p\u0159ibyla ned\u011bla&#8230;. a \u00fater\u00fd<\/p>\n","protected":false},"author":3,"featured_media":0,"comment_status":"open","ping_status":"closed","sticky":false,"template":"","format":"standard","meta":{"footnotes":""},"categories":[21],"tags":[],"class_list":["post-36744","post","type-post","status-publish","format-standard","hentry","category-svah"],"_links":{"self":[{"href":"https:\/\/mlz.frystacko.cz\/index.php?rest_route=\/wp\/v2\/posts\/36744","targetHints":{"allow":["GET"]}}],"collection":[{"href":"https:\/\/mlz.frystacko.cz\/index.php?rest_route=\/wp\/v2\/posts"}],"about":[{"href":"https:\/\/mlz.frystacko.cz\/index.php?rest_route=\/wp\/v2\/types\/post"}],"author":[{"embeddable":true,"href":"https:\/\/mlz.frystacko.cz\/index.php?rest_route=\/wp\/v2\/users\/3"}],"replies":[{"embeddable":true,"href":"https:\/\/mlz.frystacko.cz\/index.php?rest_route=%2Fwp%2Fv2%2Fcomments&post=36744"}],"version-history":[{"count":4,"href":"https:\/\/mlz.frystacko.cz\/index.php?rest_route=\/wp\/v2\/posts\/36744\/revisions"}],"predecessor-version":[{"id":36910,"href":"https:\/\/mlz.frystacko.cz\/index.php?rest_route=\/wp\/v2\/posts\/36744\/revisions\/36910"}],"wp:attachment":[{"href":"https:\/\/mlz.frystacko.cz\/index.php?rest_route=%2Fwp%2Fv2%2Fmedia&parent=36744"}],"wp:term":[{"taxonomy":"category","embeddable":true,"href":"https:\/\/mlz.frystacko.cz\/index.php?rest_route=%2Fwp%2Fv2%2Fcategories&post=36744"},{"taxonomy":"post_tag","embeddable":true,"href":"https:\/\/mlz.frystacko.cz\/index.php?rest_route=%2Fwp%2Fv2%2Ftags&post=36744"}],"curies":[{"name":"wp","href":"https:\/\/api.w.org\/{rel}","templated":true}]}}