{"id":36787,"date":"2021-10-03T07:48:11","date_gmt":"2021-10-03T05:48:11","guid":{"rendered":"https:\/\/mlz.frystacko.cz\/?p=36787"},"modified":"2022-01-17T12:57:28","modified_gmt":"2022-01-17T11:57:28","slug":"kalendar-2022","status":"publish","type":"post","link":"https:\/\/mlz.frystacko.cz\/?p=36787","title":{"rendered":"Kalend\u00e1\u0159 2022"},"content":{"rendered":"<p><img loading=\"lazy\" decoding=\"async\" class=\"alignleft size-thumbnail wp-image-37463\" src=\"https:\/\/mlz.frystacko.cz\/wp-uploads\/2021\/10\/IMG_20211222_094125-100x56.jpg\" alt=\"\" width=\"100\" height=\"56\" srcset=\"https:\/\/mlz.frystacko.cz\/wp-uploads\/2021\/10\/IMG_20211222_094125-100x56.jpg 100w, https:\/\/mlz.frystacko.cz\/wp-uploads\/2021\/10\/IMG_20211222_094125-300x169.jpg 300w, https:\/\/mlz.frystacko.cz\/wp-uploads\/2021\/10\/IMG_20211222_094125-1024x576.jpg 1024w, https:\/\/mlz.frystacko.cz\/wp-uploads\/2021\/10\/IMG_20211222_094125-768x432.jpg 768w, https:\/\/mlz.frystacko.cz\/wp-uploads\/2021\/10\/IMG_20211222_094125-940x529.jpg 940w, https:\/\/mlz.frystacko.cz\/wp-uploads\/2021\/10\/IMG_20211222_094125.jpg 1604w\" sizes=\"auto, (max-width: 100px) 100vw, 100px\" \/>Budeme m\u00edt op\u011bt z\u00e1jem o kalend\u00e1\u0159e? Pokud ano, tak jsem byl Honzou Hladi\u0161em vybr\u00e1n jako dobrovoln\u00edk, abych s t\u00edm pomohl.<\/p>\n<p><strong><span style=\"color: #ff0000;\">Edit 22.12.2021: <\/span><\/strong><span style=\"color: #ff0000;\">Kalend\u00e1\u0159e 2022 jsou hotov\u00e9 a k vyzvednut\u00ed u Honzy Hl.<\/span><strong><span style=\"color: #ff0000;\">\u00a0 Cena 250 K\u010d.\u00a0 <\/span><\/strong><span style=\"color: #ff0000;\">Setk\u00e1n\u00ed U F\u00edka se uskute\u010dnilo.<\/span><\/p>\n<p><!--more--><\/p>\n<hr \/>\n<p><span style=\"color: #000000;\">Edit:\u00a0 v \u00fater\u00fd 21.12.2021 od 19.00 hod. se uskute\u010dn\u00ed v\u00e1no\u010dn\u00ed setk\u00e1n\u00ed U F\u00edka ve Fry\u0161t\u00e1ku spojen\u00e9 s distribuc\u00ed kalend\u00e1\u0159\u016f na r. 2022. Rezervace je klasicky u stolu pod televiz\u00ed. Cena kalend\u00e1\u0159\u016f bude zn\u00e1m\u00e1 a\u017e p\u0159i vyzvednut\u00ed zak\u00e1zky.<\/span><\/p>\n<p><span style=\"color: #000000;\">Podm\u00ednkou vstupu k F\u00edkovi je ,,o\u010dkov\u00e1n\u00ed&#8220; nebo ,,prod\u011blan\u00e1 nemoc&#8220;.<\/span><\/p>\n<hr \/>\n<p><strong>2.12.2021 Kalend\u00e1\u0159e jsou v tisku (17.12. budou hotov\u00e9).<\/strong><\/p>\n<hr \/>\n<p>Co to znamen\u00e1? Pot\u0159ebujeme obsah a obsahem jsou fotky. Fotky z leto\u0161n\u00edho roku mi po\u0161lete nejl\u00e9pe p\u0159es <a href=\"https:\/\/www.uschovna.cz\/poslat-zasilku\">uschovna.cz<\/a> na e-mail: lubomir.sasek@seznam.cz, do p\u0159edm\u011btu napi\u0161te KALEND\u00c1\u0158 2022. <strong>Term\u00edn uz\u00e1v\u011brky: 30.10.2021<\/strong><\/p>\n<p>Do koment\u00e1\u0159e pod tento p\u0159\u00edsp\u011bvek pros\u00edm napi\u0161te kdo budete m\u00edt o kalend\u00e1\u0159 z\u00e1jem a o kolik kus\u016f.<\/p>\n<p><strong>POZOR:<\/strong> Jestli nic nepo\u0161lete, nebo toho bude m\u00e1lo, tak tam nacpu fotky ze svahu. Tak se sn(m)a\u017ete \ud83d\ude42<\/p>\n","protected":false},"excerpt":{"rendered":"<p>Budeme m\u00edt op\u011bt z\u00e1jem o kalend\u00e1\u0159e? Pokud ano, tak jsem byl Honzou Hladi\u0161em vybr\u00e1n jako dobrovoln\u00edk, abych s t\u00edm pomohl. Edit 22.12.2021: Kalend\u00e1\u0159e 2022 jsou hotov\u00e9 a k vyzvednut\u00ed u Honzy Hl.\u00a0 Cena 250 K\u010d.\u00a0 Setk\u00e1n\u00ed U F\u00edka se uskute\u010dnilo.<\/p>\n","protected":false},"author":13,"featured_media":0,"comment_status":"open","ping_status":"closed","sticky":false,"template":"","format":"aside","meta":{"footnotes":""},"categories":[11],"tags":[],"class_list":["post-36787","post","type-post","status-publish","format-aside","hentry","category-informacni","post_format-post-format-aside"],"_links":{"self":[{"href":"https:\/\/mlz.frystacko.cz\/index.php?rest_route=\/wp\/v2\/posts\/36787","targetHints":{"allow":["GET"]}}],"collection":[{"href":"https:\/\/mlz.frystacko.cz\/index.php?rest_route=\/wp\/v2\/posts"}],"about":[{"href":"https:\/\/mlz.frystacko.cz\/index.php?rest_route=\/wp\/v2\/types\/post"}],"author":[{"embeddable":true,"href":"https:\/\/mlz.frystacko.cz\/index.php?rest_route=\/wp\/v2\/users\/13"}],"replies":[{"embeddable":true,"href":"https:\/\/mlz.frystacko.cz\/index.php?rest_route=%2Fwp%2Fv2%2Fcomments&post=36787"}],"version-history":[{"count":20,"href":"https:\/\/mlz.frystacko.cz\/index.php?rest_route=\/wp\/v2\/posts\/36787\/revisions"}],"predecessor-version":[{"id":37464,"href":"https:\/\/mlz.frystacko.cz\/index.php?rest_route=\/wp\/v2\/posts\/36787\/revisions\/37464"}],"wp:attachment":[{"href":"https:\/\/mlz.frystacko.cz\/index.php?rest_route=%2Fwp%2Fv2%2Fmedia&parent=36787"}],"wp:term":[{"taxonomy":"category","embeddable":true,"href":"https:\/\/mlz.frystacko.cz\/index.php?rest_route=%2Fwp%2Fv2%2Fcategories&post=36787"},{"taxonomy":"post_tag","embeddable":true,"href":"https:\/\/mlz.frystacko.cz\/index.php?rest_route=%2Fwp%2Fv2%2Ftags&post=36787"}],"curies":[{"name":"wp","href":"https:\/\/api.w.org\/{rel}","templated":true}]}}