{"id":37465,"date":"2021-12-24T10:07:40","date_gmt":"2021-12-24T09:07:40","guid":{"rendered":"https:\/\/mlz.frystacko.cz\/?p=37465"},"modified":"2021-12-24T10:09:16","modified_gmt":"2021-12-24T09:09:16","slug":"olsina-83","status":"publish","type":"post","link":"https:\/\/mlz.frystacko.cz\/?p=37465","title":{"rendered":"Ol\u0161ina&#8230;"},"content":{"rendered":"<p><img loading=\"lazy\" decoding=\"async\" class=\"alignleft size-thumbnail wp-image-37513\" src=\"https:\/\/mlz.frystacko.cz\/wp-uploads\/2021\/12\/zm.IMG_8436-100x67.jpg\" alt=\"\" width=\"100\" height=\"67\" srcset=\"https:\/\/mlz.frystacko.cz\/wp-uploads\/2021\/12\/zm.IMG_8436-100x67.jpg 100w, https:\/\/mlz.frystacko.cz\/wp-uploads\/2021\/12\/zm.IMG_8436-300x200.jpg 300w, https:\/\/mlz.frystacko.cz\/wp-uploads\/2021\/12\/zm.IMG_8436-1024x683.jpg 1024w, https:\/\/mlz.frystacko.cz\/wp-uploads\/2021\/12\/zm.IMG_8436-768x512.jpg 768w, https:\/\/mlz.frystacko.cz\/wp-uploads\/2021\/12\/zm.IMG_8436-940x627.jpg 940w, https:\/\/mlz.frystacko.cz\/wp-uploads\/2021\/12\/zm.IMG_8436.jpg 1200w\" sizes=\"auto, (max-width: 100px) 100vw, 100px\" \/>S ohledem na hezk\u00e9 po\u010das\u00ed sme ve \u010dtvrtek vylezli zase na kopec&#8230;<\/p>\n<p><!--more-->V\u011btru m\u011blo b\u00fdt jen trochu, ale zadeklovan\u00e1 obloha zajistila nep\u0159\u00edtomnost termiky, tak\u017ee vzduch byl kr\u00e1sn\u011b klidn\u00fd a poletovalo se p\u0159\u00edjemn\u011b. P\u0159edstava, \u017ee pytl\u00edk\u00e1\u0159om bude n\u011bco vadit, se uk\u00e1zala b\u00fdt lichou, i mezi nima se najde p\u00e1r odoln\u011bj\u0161\u00edch, kte\u0159\u00ed &#8222;mus\u00ed&#8220;. Oble\u010den\u00ed odpov\u00eddaj\u00edc\u00ed podm\u00ednk\u00e1m. Ale v\u00edc chodili.<\/p>\n<p>Pr\u016flet p\u0159ed vlakem zajistil Lubo\u0161&#8230;. akor\u00e1t zvykl\u00fd z kompozitu&#8230; \u0161\u00e9fkonstrukt\u00e9r jejich Blan\u00edk\u016f to komentoval m\u00edrn\u011b vyd\u011b\u0161en\u011b&#8230;.&#8220;N\u00e9 tak rychle&#8230;&#8220;. Nic se nestalo, Blan\u00ed\u010dek p\u0159e\u017eil a l\u00e9tal vesele d\u00e1l.<\/p>\n<p>Pobyli sme tam n\u011bjak\u00e9 3 hodiny. Kdy\u017e u\u017e sme balili, uk\u00e1zal se Zde\u0148a&#8230; jen s h\u00e1zedlem a s prost\u0159edn\u00edm potome\u010dkem. Baterky do v\u011bt\u0161\u00edho modelu nechal &#8222;rad\u011bji&#8220; doma, aby to nemusel vytahovat z auta. \ud83d\ude1b H\u00e1zedlo m\u011bl ov\u0161em se\u0159\u00edzen\u00e9 skv\u011ble a do toho klidn\u00e9ho v\u00e1nku to byl ide\u00e1ln\u00ed stroj. Mal\u00fd se \u010dinil.<\/p>\n<p>P\u0159\u00ed\u0161t\u011b zas.<\/p>\n","protected":false},"excerpt":{"rendered":"<p>S ohledem na hezk\u00e9 po\u010das\u00ed sme ve \u010dtvrtek vylezli zase na kopec&#8230;<\/p>\n","protected":false},"author":3,"featured_media":0,"comment_status":"open","ping_status":"closed","sticky":false,"template":"","format":"standard","meta":{"footnotes":""},"categories":[21],"tags":[],"class_list":["post-37465","post","type-post","status-publish","format-standard","hentry","category-svah"],"_links":{"self":[{"href":"https:\/\/mlz.frystacko.cz\/index.php?rest_route=\/wp\/v2\/posts\/37465","targetHints":{"allow":["GET"]}}],"collection":[{"href":"https:\/\/mlz.frystacko.cz\/index.php?rest_route=\/wp\/v2\/posts"}],"about":[{"href":"https:\/\/mlz.frystacko.cz\/index.php?rest_route=\/wp\/v2\/types\/post"}],"author":[{"embeddable":true,"href":"https:\/\/mlz.frystacko.cz\/index.php?rest_route=\/wp\/v2\/users\/3"}],"replies":[{"embeddable":true,"href":"https:\/\/mlz.frystacko.cz\/index.php?rest_route=%2Fwp%2Fv2%2Fcomments&post=37465"}],"version-history":[{"count":2,"href":"https:\/\/mlz.frystacko.cz\/index.php?rest_route=\/wp\/v2\/posts\/37465\/revisions"}],"predecessor-version":[{"id":37535,"href":"https:\/\/mlz.frystacko.cz\/index.php?rest_route=\/wp\/v2\/posts\/37465\/revisions\/37535"}],"wp:attachment":[{"href":"https:\/\/mlz.frystacko.cz\/index.php?rest_route=%2Fwp%2Fv2%2Fmedia&parent=37465"}],"wp:term":[{"taxonomy":"category","embeddable":true,"href":"https:\/\/mlz.frystacko.cz\/index.php?rest_route=%2Fwp%2Fv2%2Fcategories&post=37465"},{"taxonomy":"post_tag","embeddable":true,"href":"https:\/\/mlz.frystacko.cz\/index.php?rest_route=%2Fwp%2Fv2%2Ftags&post=37465"}],"curies":[{"name":"wp","href":"https:\/\/api.w.org\/{rel}","templated":true}]}}