{"id":37706,"date":"2022-01-12T15:15:55","date_gmt":"2022-01-12T14:15:55","guid":{"rendered":"https:\/\/mlz.frystacko.cz\/?p=37706"},"modified":"2022-01-12T15:33:41","modified_gmt":"2022-01-12T14:33:41","slug":"ratibor-21","status":"publish","type":"post","link":"https:\/\/mlz.frystacko.cz\/?p=37706","title":{"rendered":"Ratibo\u0159"},"content":{"rendered":"<p><img loading=\"lazy\" decoding=\"async\" class=\"alignleft size-thumbnail wp-image-37733\" src=\"https:\/\/mlz.frystacko.cz\/wp-uploads\/2022\/01\/zm.IMG_9290-100x67.jpg\" alt=\"\" width=\"100\" height=\"67\" srcset=\"https:\/\/mlz.frystacko.cz\/wp-uploads\/2022\/01\/zm.IMG_9290-100x67.jpg 100w, https:\/\/mlz.frystacko.cz\/wp-uploads\/2022\/01\/zm.IMG_9290-300x200.jpg 300w, https:\/\/mlz.frystacko.cz\/wp-uploads\/2022\/01\/zm.IMG_9290-1024x683.jpg 1024w, https:\/\/mlz.frystacko.cz\/wp-uploads\/2022\/01\/zm.IMG_9290-768x512.jpg 768w, https:\/\/mlz.frystacko.cz\/wp-uploads\/2022\/01\/zm.IMG_9290-940x627.jpg 940w, https:\/\/mlz.frystacko.cz\/wp-uploads\/2022\/01\/zm.IMG_9290.jpg 1200w\" sizes=\"auto, (max-width: 100px) 100vw, 100px\" \/>Letos sme je\u0161t\u011b na Ratibo\u0159i nebyli, tak se to muselo napravit&#8230;. a v \u00fater\u00fd na to byl aj po\u010das.<\/p>\n<p><!--more-->Ne \u017ee by se n\u00e1s tam se\u0161lo p\u0159ehnan\u011b moc, ale sta\u010dili sme si. V\u011btru bylo dostatek, nosilo to hezky &#8230; a vzhledem k teplot\u011b akor\u00e1t&#8230; cca 5m\/s, tj.\u00a0 2.5m\/s na osobu&#8230; \ud83d\ude1b Sn\u00edh zmrzl\u00fd, nelepiv\u00fd, jen mno\u017estv\u00edm sp\u00ed\u0161 symbolick\u00fd.<\/p>\n<p>Lubo\u0161 mi v pomst\u011b za zmrzl\u00e9 l\u00e9korky vnutil \u0161tr\u016fdl&#8230;pro zm\u011bnu taky zmrzl\u00fd. <img src=\"https:\/\/mlz.frystacko.cz\/wp-includes\/images\/smilies\/mrgreen.png\" alt=\":mrgreen:\" class=\"wp-smiley\" style=\"height: 1em; max-height: 1em;\" \/> \u010caj\u00ed\u010dky ale na sv\u00e9 spa\u0159dr\u017ekov\u00e9 teplot\u011b vydr\u017eely dostate\u010dn\u011b dlouho.<\/p>\n<p>V\u0161e prob\u011bhlo bez koliz\u00ed \u010di nehod. Pol\u00e9tali sme dob\u0159e, st\u0159\u00eddali sme se zodpov\u011bdn\u011b a ka\u017ed\u00fd si tu hodinku v klidu odl\u00e9tal&#8230;\u00a0 spokojenost. Pomlouvat nebylo moc koho.<\/p>\n<p>Prima, p\u0159\u00ed\u0161t\u011b zas.<\/p>\n","protected":false},"excerpt":{"rendered":"<p>Letos sme je\u0161t\u011b na Ratibo\u0159i nebyli, tak se to muselo napravit&#8230;. a v \u00fater\u00fd na to byl aj po\u010das.<\/p>\n","protected":false},"author":3,"featured_media":0,"comment_status":"open","ping_status":"closed","sticky":false,"template":"","format":"standard","meta":{"footnotes":""},"categories":[21],"tags":[],"class_list":["post-37706","post","type-post","status-publish","format-standard","hentry","category-svah"],"_links":{"self":[{"href":"https:\/\/mlz.frystacko.cz\/index.php?rest_route=\/wp\/v2\/posts\/37706","targetHints":{"allow":["GET"]}}],"collection":[{"href":"https:\/\/mlz.frystacko.cz\/index.php?rest_route=\/wp\/v2\/posts"}],"about":[{"href":"https:\/\/mlz.frystacko.cz\/index.php?rest_route=\/wp\/v2\/types\/post"}],"author":[{"embeddable":true,"href":"https:\/\/mlz.frystacko.cz\/index.php?rest_route=\/wp\/v2\/users\/3"}],"replies":[{"embeddable":true,"href":"https:\/\/mlz.frystacko.cz\/index.php?rest_route=%2Fwp%2Fv2%2Fcomments&post=37706"}],"version-history":[{"count":3,"href":"https:\/\/mlz.frystacko.cz\/index.php?rest_route=\/wp\/v2\/posts\/37706\/revisions"}],"predecessor-version":[{"id":37741,"href":"https:\/\/mlz.frystacko.cz\/index.php?rest_route=\/wp\/v2\/posts\/37706\/revisions\/37741"}],"wp:attachment":[{"href":"https:\/\/mlz.frystacko.cz\/index.php?rest_route=%2Fwp%2Fv2%2Fmedia&parent=37706"}],"wp:term":[{"taxonomy":"category","embeddable":true,"href":"https:\/\/mlz.frystacko.cz\/index.php?rest_route=%2Fwp%2Fv2%2Fcategories&post=37706"},{"taxonomy":"post_tag","embeddable":true,"href":"https:\/\/mlz.frystacko.cz\/index.php?rest_route=%2Fwp%2Fv2%2Ftags&post=37706"}],"curies":[{"name":"wp","href":"https:\/\/api.w.org\/{rel}","templated":true}]}}