{"id":37776,"date":"2022-01-22T23:32:17","date_gmt":"2022-01-22T22:32:17","guid":{"rendered":"https:\/\/mlz.frystacko.cz\/?p=37776"},"modified":"2022-01-22T23:32:17","modified_gmt":"2022-01-22T22:32:17","slug":"kvasice","status":"publish","type":"post","link":"https:\/\/mlz.frystacko.cz\/?p=37776","title":{"rendered":"Kvasice&#8230;"},"content":{"rendered":"<p><img loading=\"lazy\" decoding=\"async\" class=\"alignleft size-thumbnail wp-image-37815\" src=\"https:\/\/mlz.frystacko.cz\/wp-uploads\/2022\/01\/zm.IMG_9532-100x67.jpg\" alt=\"\" width=\"100\" height=\"67\" srcset=\"https:\/\/mlz.frystacko.cz\/wp-uploads\/2022\/01\/zm.IMG_9532-100x67.jpg 100w, https:\/\/mlz.frystacko.cz\/wp-uploads\/2022\/01\/zm.IMG_9532-300x200.jpg 300w, https:\/\/mlz.frystacko.cz\/wp-uploads\/2022\/01\/zm.IMG_9532-1024x683.jpg 1024w, https:\/\/mlz.frystacko.cz\/wp-uploads\/2022\/01\/zm.IMG_9532-768x512.jpg 768w, https:\/\/mlz.frystacko.cz\/wp-uploads\/2022\/01\/zm.IMG_9532-940x627.jpg 940w, https:\/\/mlz.frystacko.cz\/wp-uploads\/2022\/01\/zm.IMG_9532.jpg 1200w\" sizes=\"auto, (max-width: 100px) 100vw, 100px\" \/>Tak pro zm\u011bnu jedno hl\u00e1\u0161en\u00ed ze svahu nad Kvasicema&#8230;.<\/p>\n<p><!--more-->Za vyt\u00e1hnut\u00ed d\u011bkuji Lu\u010fovi s Lubo\u0161em, s\u00e1m bych asi vylezl &#8222;jen&#8220; na Vylanta&#8230;.. tu sem vid\u011bl zas n\u011bco jin\u00e9ho.<\/p>\n<p><a href=\"https:\/\/mlz.frystacko.cz\/wp-uploads\/2022\/01\/20220122-Kvasice.jpg\" target=\"_blank\" rel=\"noopener\"><img loading=\"lazy\" decoding=\"async\" class=\"aligncenter wp-image-37833 size-full\" src=\"https:\/\/mlz.frystacko.cz\/wp-uploads\/2022\/01\/20220122-Kvasice.jpg\" alt=\"\" width=\"4888\" height=\"525\" srcset=\"https:\/\/mlz.frystacko.cz\/wp-uploads\/2022\/01\/20220122-Kvasice.jpg 4888w, https:\/\/mlz.frystacko.cz\/wp-uploads\/2022\/01\/20220122-Kvasice-300x32.jpg 300w, https:\/\/mlz.frystacko.cz\/wp-uploads\/2022\/01\/20220122-Kvasice-1024x110.jpg 1024w, https:\/\/mlz.frystacko.cz\/wp-uploads\/2022\/01\/20220122-Kvasice-100x11.jpg 100w, https:\/\/mlz.frystacko.cz\/wp-uploads\/2022\/01\/20220122-Kvasice-768x82.jpg 768w, https:\/\/mlz.frystacko.cz\/wp-uploads\/2022\/01\/20220122-Kvasice-940x101.jpg 940w\" sizes=\"auto, (max-width: 4888px) 100vw, 4888px\" \/><\/a><br \/>\nPl\u00e1cek je to sympatick\u00fd, v\u00fdhled rozs\u00e1hl\u00fd, p\u0159ev\u00fd\u0161en\u00ed rozumn\u00e9&#8230; Jinak to klasicky zapad\u00e1 do standardu &#8211; \u010d\u00edm lep\u010d\u00ed kopec, t\u00edm d\u00e1l od bar\u00e1ku. Na Donovaly to nem\u00e1 a Vylanta jsou bl\u00ed\u017e. No&#8230; a tu to op\u011bt je tak n\u011bco mezi. <img src=\"https:\/\/mlz.frystacko.cz\/wp-includes\/images\/smilies\/mrgreen.png\" alt=\":mrgreen:\" class=\"wp-smiley\" style=\"height: 1em; max-height: 1em;\" \/> V\u00fdhled na vlak je tu trochu lep\u010d\u00ed jak na Vylantech, to uzn\u00e1v\u00e1m&#8230; Foukat m\u011blo nejv\u00edc mezi 12 a 2&#8230; a tak n\u011bjak to tam aj bylo&#8230;no a my taky. Kolem 12 tam, po p\u016fl 4 zp\u011bt. Prost\u0159\u00eddali sme d\u016fkladn\u011b. \ud83d\ude42<\/p>\n<p>Vzd\u00e1lenostn\u011b srovnateln\u00e9 s Ratibo\u0159\u00ed, Chom\u00fd\u017e je bl\u00ed\u017e. Na sm\u011br v\u011btru je to tak akor\u00e1t mezi. \ud83d\ude42<\/p>\n<p>Ale jo, pol\u00e9tali sme, ani sme moc nepromrzli, nikoho sme netrefili&#8230; a i Lubo\u0161\u016fv p\u016flp\u0159emet na zemi byl bez n\u00e1sledk\u016f&#8230;v\u0161ecko prima. P\u0159\u00ed\u0161t\u011b zas.<\/p>\n","protected":false},"excerpt":{"rendered":"<p>Tak pro zm\u011bnu jedno hl\u00e1\u0161en\u00ed ze svahu nad Kvasicema&#8230;.<\/p>\n","protected":false},"author":3,"featured_media":0,"comment_status":"open","ping_status":"closed","sticky":false,"template":"","format":"standard","meta":{"footnotes":""},"categories":[21],"tags":[],"class_list":["post-37776","post","type-post","status-publish","format-standard","hentry","category-svah"],"_links":{"self":[{"href":"https:\/\/mlz.frystacko.cz\/index.php?rest_route=\/wp\/v2\/posts\/37776","targetHints":{"allow":["GET"]}}],"collection":[{"href":"https:\/\/mlz.frystacko.cz\/index.php?rest_route=\/wp\/v2\/posts"}],"about":[{"href":"https:\/\/mlz.frystacko.cz\/index.php?rest_route=\/wp\/v2\/types\/post"}],"author":[{"embeddable":true,"href":"https:\/\/mlz.frystacko.cz\/index.php?rest_route=\/wp\/v2\/users\/3"}],"replies":[{"embeddable":true,"href":"https:\/\/mlz.frystacko.cz\/index.php?rest_route=%2Fwp%2Fv2%2Fcomments&post=37776"}],"version-history":[{"count":5,"href":"https:\/\/mlz.frystacko.cz\/index.php?rest_route=\/wp\/v2\/posts\/37776\/revisions"}],"predecessor-version":[{"id":37838,"href":"https:\/\/mlz.frystacko.cz\/index.php?rest_route=\/wp\/v2\/posts\/37776\/revisions\/37838"}],"wp:attachment":[{"href":"https:\/\/mlz.frystacko.cz\/index.php?rest_route=%2Fwp%2Fv2%2Fmedia&parent=37776"}],"wp:term":[{"taxonomy":"category","embeddable":true,"href":"https:\/\/mlz.frystacko.cz\/index.php?rest_route=%2Fwp%2Fv2%2Fcategories&post=37776"},{"taxonomy":"post_tag","embeddable":true,"href":"https:\/\/mlz.frystacko.cz\/index.php?rest_route=%2Fwp%2Fv2%2Ftags&post=37776"}],"curies":[{"name":"wp","href":"https:\/\/api.w.org\/{rel}","templated":true}]}}