{"id":37965,"date":"2022-02-20T13:42:29","date_gmt":"2022-02-20T12:42:29","guid":{"rendered":"https:\/\/mlz.frystacko.cz\/?p=37965"},"modified":"2022-02-21T19:05:32","modified_gmt":"2022-02-21T18:05:32","slug":"poprve-na-kopci-stara-ves","status":"publish","type":"post","link":"https:\/\/mlz.frystacko.cz\/?p=37965","title":{"rendered":"Poprv\u00e9 na kopci | Star\u00e1 Ves &#8211; Hol\u00fd kopec"},"content":{"rendered":"<p><img loading=\"lazy\" decoding=\"async\" class=\"alignleft size-thumbnail wp-image-37987\" src=\"https:\/\/mlz.frystacko.cz\/wp-uploads\/2022\/02\/IMG_20220220_1100352-100x56.jpg\" alt=\"\" width=\"100\" height=\"56\" srcset=\"https:\/\/mlz.frystacko.cz\/wp-uploads\/2022\/02\/IMG_20220220_1100352-100x56.jpg 100w, https:\/\/mlz.frystacko.cz\/wp-uploads\/2022\/02\/IMG_20220220_1100352-300x169.jpg 300w, https:\/\/mlz.frystacko.cz\/wp-uploads\/2022\/02\/IMG_20220220_1100352-1024x576.jpg 1024w, https:\/\/mlz.frystacko.cz\/wp-uploads\/2022\/02\/IMG_20220220_1100352-768x432.jpg 768w, https:\/\/mlz.frystacko.cz\/wp-uploads\/2022\/02\/IMG_20220220_1100352-940x529.jpg 940w, https:\/\/mlz.frystacko.cz\/wp-uploads\/2022\/02\/IMG_20220220_1100352.jpg 1200w\" sizes=\"auto, (max-width: 100px) 100vw, 100px\" \/>Co\u017ee? Poprv\u00e9 na kopci? Co je to za blbost? No, nen\u00ed to ,,\u00fapln\u00e1\u201c blbost.<\/p>\n<p><!--more--><\/p>\n<p>&nbsp;<\/p>\n<p>Tak letos je to podruh\u00e9 poprv\u00e9 na kopci. Co je to tentokr\u00e1t? Kopec na JZ v\u00edtr mezi Starou Vs\u00ed a P\u0159estavlky(ama). Mapa <a href=\"https:\/\/mapy.cz\/zakladni?vlastni-body&amp;x=17.4905595&amp;y=49.3878492&amp;z=16&amp;base=ophoto&amp;ut=JZ%20svah%20%7C%20Star%C3%A1%20Ves&amp;uc=97nCox8ybS&amp;ud=49%C2%B023%2715.955%22N%2C%2017%C2%B029%2726.014%22E\">klik sem<\/a>.<\/p>\n<p>Loni jsme o tomto m\u00edst\u011b mluvili s Honzou z Km (vy kopcoletci v\u00edte o koho jde). Honza byl na kopci 2x a zkoumal ho se samok\u0159\u00eddlem. Pr\u00fd by to \u0161lo. Tak kdy\u017e na dne\u0161ek dopoledne (ned\u011ble 20.2.2022) v p\u0159edpov\u011bdi p\u0159edpov\u00eddali jihoz\u00e1padn\u00ed sm\u011br v\u011btru i jeho dostate\u010dnou s\u00edlu, tak jsem se rozhodl, \u017ee to prubnu.<\/p>\n<p>Co bude m\u00fdm pr\u016fzkumn\u00fdm \u00e9rem? No jasn\u011b, stejn\u011b jako minul\u00fd m\u011bs\u00edc v Dobrotic\u00edch to vyhr\u00e1la Fosa. Pro\u010d zase Fosa? Proto\u017ee je to super letadlo na kter\u00e9 je spoleh a je ochotn\u00e9 let\u011bt ve velk\u00e9m rozsahu rychlosti (i pomalosti) v\u011btru.<\/p>\n<p>Po pr\u016fjezdu Starou Vs\u00ed m\u011b \u010dekalo mil\u00e9 p\u0159ekvapen\u00ed. Pol\u0148a\u010dku vedouc\u00ed k vod\u00e1rn\u011b, co\u017e je i m\u00edsto startu (sta\u010d\u00ed sej\u00edt cca. 30-50 m po svahu dol\u016f) m\u011bn\u00ed na asfaltovou cestu. Je to ve f\u00e1zi makadamu. Zaparkoval jsem vedle vod\u00e1rny. Sestavit letadlo je ot\u00e1zka chvilky, ud\u011blal jsem mobilem p\u00e1r fotek pro dokumentaci, zm\u011b\u0159il jsem s\u00edlu v\u011btru (7-9,5 m\/s), hozen\u00edm tr\u00e1vy jsem ov\u011b\u0159il i sm\u011br (kolmo na svah, 230-235\u00b0) a START.<\/p>\n<p>Co n\u00e1sledovalo? 3.660 vte\u0159in pohodi\u010dky, z\u00e1bavy a z\u00e1\u017eitk\u016f. By\u0165 kopec nem\u00e1 v\u00fdraznou hranu a podob\u00e1 se tak sv\u00fdm charakterem Chom\u00fd\u017ei, tak se dalo l\u00e9tat i do v\u00fd\u0161ky cca. 20-30m a cokoliv bylo nad tuto hladinu, tak bylo jen lep\u0161\u00ed a lep\u0161\u00ed. Letov\u00fd prostor je naprosto luxusn\u00ed 500 x 500 m (v\u00fd\u0161kov\u011b dle legislativy). Dol\u016f k hlavn\u00ed cest\u011b je kopec dlouh\u00fd 1000 m s p\u0159ev\u00fd\u0161en\u00edm 80 m. Prvn\u00edch 500 m od spodn\u00ed hlavn\u00ed cesty m\u00e1 jen 30 v\u00fd\u0161kov\u00fdch metr\u016f a zbyl\u00fdch 50 m, kter\u00e9 n\u00e1s zaj\u00edmaj\u00ed v\u00edc, je na zbytku sm\u011brem k m\u00edstu startu.<\/p>\n<p>P\u0159\u00edmo pod vod\u00e1rnou je louka 150 x 260 m. Pro p\u0159ist\u00e1v\u00e1n\u00ed ide\u00e1ln\u00ed m\u00edsto. Dal by se vyu\u017e\u00edt i men\u0161\u00ed gumicuk. V\u0161ude okolo jsou pole. A\u0165 u\u017e to bylo ovlivn\u011bno sm\u011brem v\u011btru, nebo tvarem kopce, tak nejl\u00e9pe to dnes l\u00e9talo nad st\u0159edem kopce nebo vpravo od st\u0159edu sm\u011brem na P\u0159estavlky. Lev\u00e1 strana malinko m\u00e9n\u011b dr\u017eela, tro\u0161ku shazovala a nav\u00edc, slunko bylo zleva, tak\u017ee l\u00e9t\u00e1n\u00ed proti slunci nic moc.<\/p>\n<p>Z\u00e1v\u011br: Mil\u00fd den\u00ed\u010dku, m\u00e1me v bl\u00edzkosti dal\u0161\u00ed kopec, kde se m\u016f\u017eeme dosyta vy\u0159\u00e1dit.<\/p>\n<p>Tak p\u0159\u00ed\u0161t\u011b snad ve v\u011bt\u0161\u00edm po\u010dtu. Dnes jsem byl s\u00e1m, proto\u017ee Dita nemohla a nikoho dal\u0161\u00edho z v\u011brn\u00fdch a odhodlan\u00fdch kopcoletc\u016f jsem nebuntoval, dokud to nevyzkou\u0161\u00edm.<\/p>\n<p>&nbsp;<\/p>\n","protected":false},"excerpt":{"rendered":"<p>Co\u017ee? Poprv\u00e9 na kopci? Co je to za blbost? No, nen\u00ed to ,,\u00fapln\u00e1\u201c blbost.<\/p>\n","protected":false},"author":13,"featured_media":0,"comment_status":"open","ping_status":"closed","sticky":false,"template":"","format":"standard","meta":{"footnotes":""},"categories":[21],"tags":[],"class_list":["post-37965","post","type-post","status-publish","format-standard","hentry","category-svah"],"_links":{"self":[{"href":"https:\/\/mlz.frystacko.cz\/index.php?rest_route=\/wp\/v2\/posts\/37965","targetHints":{"allow":["GET"]}}],"collection":[{"href":"https:\/\/mlz.frystacko.cz\/index.php?rest_route=\/wp\/v2\/posts"}],"about":[{"href":"https:\/\/mlz.frystacko.cz\/index.php?rest_route=\/wp\/v2\/types\/post"}],"author":[{"embeddable":true,"href":"https:\/\/mlz.frystacko.cz\/index.php?rest_route=\/wp\/v2\/users\/13"}],"replies":[{"embeddable":true,"href":"https:\/\/mlz.frystacko.cz\/index.php?rest_route=%2Fwp%2Fv2%2Fcomments&post=37965"}],"version-history":[{"count":13,"href":"https:\/\/mlz.frystacko.cz\/index.php?rest_route=\/wp\/v2\/posts\/37965\/revisions"}],"predecessor-version":[{"id":38005,"href":"https:\/\/mlz.frystacko.cz\/index.php?rest_route=\/wp\/v2\/posts\/37965\/revisions\/38005"}],"wp:attachment":[{"href":"https:\/\/mlz.frystacko.cz\/index.php?rest_route=%2Fwp%2Fv2%2Fmedia&parent=37965"}],"wp:term":[{"taxonomy":"category","embeddable":true,"href":"https:\/\/mlz.frystacko.cz\/index.php?rest_route=%2Fwp%2Fv2%2Fcategories&post=37965"},{"taxonomy":"post_tag","embeddable":true,"href":"https:\/\/mlz.frystacko.cz\/index.php?rest_route=%2Fwp%2Fv2%2Ftags&post=37965"}],"curies":[{"name":"wp","href":"https:\/\/api.w.org\/{rel}","templated":true}]}}