{"id":3885,"date":"2013-04-29T10:31:41","date_gmt":"2013-04-29T08:31:41","guid":{"rendered":"https:\/\/mlz.frystacko.cz\/?p=3885"},"modified":"2013-05-04T22:32:09","modified_gmt":"2013-05-04T20:32:09","slug":"otvirani-nebe-zabarna-3-5-2013","status":"publish","type":"post","link":"https:\/\/mlz.frystacko.cz\/?p=3885","title":{"rendered":"Otv\u00edr\u00e1n\u00ed nebe \u017dab\u00e1rna 4.5.2013"},"content":{"rendered":"<p><a href=\"https:\/\/mlz.frystacko.cz\/?attachment_id=3662\" rel=\"attachment wp-att-3662\"><img loading=\"lazy\" decoding=\"async\" class=\"alignleft size-thumbnail wp-image-3662\" alt=\"IMG_7043\" src=\"https:\/\/mlz.frystacko.cz\/wp-uploads\/2013\/04\/IMG_7043-100x66.jpg\" width=\"100\" height=\"66\" \/><\/a>Draz\u00ed model\u00e1\u0159i a ostatn\u00ed nad\u0161enci.<\/p>\n<p>Chci V\u00e1s v\u0161echny pozvat na otv\u00edr\u00e1n\u00ed nebe po\u0159\u00e1dan\u00e9 na model\u00e1\u0159sk\u00e9 plo\u0161e \u017dab\u00e1rna ,v sobotu 4.kv\u011btna 2013 od 9.00 hodin. Vemte sv\u016fj model, dobrou n\u00e1ladu ,n\u011bjakou dobrotu na opek\u00e1n\u00ed a p\u0159ij\u010fte si zal\u00edtat a u\u017e\u00edt hezk\u00fd den na na\u0161i model\u00e1\u0159skou plochu .<\/p>\n","protected":false},"excerpt":{"rendered":"<p>Draz\u00ed model\u00e1\u0159i a ostatn\u00ed nad\u0161enci. Chci V\u00e1s v\u0161echny pozvat na otv\u00edr\u00e1n\u00ed nebe po\u0159\u00e1dan\u00e9 na model\u00e1\u0159sk\u00e9 plo\u0161e \u017dab\u00e1rna ,v sobotu 4.kv\u011btna 2013 od 9.00 hodin. Vemte sv\u016fj model, dobrou n\u00e1ladu ,n\u011bjakou dobrotu na opek\u00e1n\u00ed a p\u0159ij\u010fte si zal\u00edtat a u\u017e\u00edt hezk\u00fd &hellip; <a href=\"https:\/\/mlz.frystacko.cz\/?p=3885\">Continue reading <span class=\"meta-nav\">&rarr;<\/span><\/a><\/p>\n","protected":false},"author":5,"featured_media":0,"comment_status":"open","ping_status":"closed","sticky":false,"template":"","format":"standard","meta":{"footnotes":""},"categories":[6,11],"tags":[],"class_list":["post-3885","post","type-post","status-publish","format-standard","hentry","category-akce","category-informacni"],"_links":{"self":[{"href":"https:\/\/mlz.frystacko.cz\/index.php?rest_route=\/wp\/v2\/posts\/3885","targetHints":{"allow":["GET"]}}],"collection":[{"href":"https:\/\/mlz.frystacko.cz\/index.php?rest_route=\/wp\/v2\/posts"}],"about":[{"href":"https:\/\/mlz.frystacko.cz\/index.php?rest_route=\/wp\/v2\/types\/post"}],"author":[{"embeddable":true,"href":"https:\/\/mlz.frystacko.cz\/index.php?rest_route=\/wp\/v2\/users\/5"}],"replies":[{"embeddable":true,"href":"https:\/\/mlz.frystacko.cz\/index.php?rest_route=%2Fwp%2Fv2%2Fcomments&post=3885"}],"version-history":[{"count":5,"href":"https:\/\/mlz.frystacko.cz\/index.php?rest_route=\/wp\/v2\/posts\/3885\/revisions"}],"predecessor-version":[{"id":3895,"href":"https:\/\/mlz.frystacko.cz\/index.php?rest_route=\/wp\/v2\/posts\/3885\/revisions\/3895"}],"wp:attachment":[{"href":"https:\/\/mlz.frystacko.cz\/index.php?rest_route=%2Fwp%2Fv2%2Fmedia&parent=3885"}],"wp:term":[{"taxonomy":"category","embeddable":true,"href":"https:\/\/mlz.frystacko.cz\/index.php?rest_route=%2Fwp%2Fv2%2Fcategories&post=3885"},{"taxonomy":"post_tag","embeddable":true,"href":"https:\/\/mlz.frystacko.cz\/index.php?rest_route=%2Fwp%2Fv2%2Ftags&post=3885"}],"curies":[{"name":"wp","href":"https:\/\/api.w.org\/{rel}","templated":true}]}}