{"id":41075,"date":"2023-05-02T07:29:09","date_gmt":"2023-05-02T05:29:09","guid":{"rendered":"https:\/\/mlz.frystacko.cz\/?p=41075"},"modified":"2023-05-02T07:29:09","modified_gmt":"2023-05-02T05:29:09","slug":"pondeli-olsina","status":"publish","type":"post","link":"https:\/\/mlz.frystacko.cz\/?p=41075","title":{"rendered":"Pond\u011bl\u00ed &#8211; Ol\u0161ina&#8230;"},"content":{"rendered":"<p><img loading=\"lazy\" decoding=\"async\" class=\"alignleft size-thumbnail wp-image-41106\" src=\"https:\/\/mlz.frystacko.cz\/wp-uploads\/2023\/05\/zm.IMG_0734-100x67.jpg\" alt=\"\" width=\"100\" height=\"67\" srcset=\"https:\/\/mlz.frystacko.cz\/wp-uploads\/2023\/05\/zm.IMG_0734-100x67.jpg 100w, https:\/\/mlz.frystacko.cz\/wp-uploads\/2023\/05\/zm.IMG_0734-300x200.jpg 300w, https:\/\/mlz.frystacko.cz\/wp-uploads\/2023\/05\/zm.IMG_0734-1024x683.jpg 1024w, https:\/\/mlz.frystacko.cz\/wp-uploads\/2023\/05\/zm.IMG_0734-768x512.jpg 768w, https:\/\/mlz.frystacko.cz\/wp-uploads\/2023\/05\/zm.IMG_0734-940x627.jpg 940w, https:\/\/mlz.frystacko.cz\/wp-uploads\/2023\/05\/zm.IMG_0734.jpg 1200w\" sizes=\"auto, (max-width: 100px) 100vw, 100px\" \/>V pond\u011bl\u00ed se povedlo zopakovat Ol\u0161inu. Foukalo trochu m\u00ed\u0148, ale l\u00e9tateln\u00e9 to bylo.<\/p>\n<p><!--more--><\/p>\n<p>Teplo n\u00e1ramn\u00e9, slunko sv\u00edtilo, v\u011btr aj foukal, termika byla&#8230;. vylo\u017een\u011b kr\u00e1sn\u00fd den. V rybn\u00edku se krom dlabut\u011b sna\u017eily koupat aj vla\u0161tovky (nebo co to <a href=\"https:\/\/mlz.frystacko.cz\/wp-uploads\/2023\/05\/zm.IMG_0629.jpg\" target=\"_blank\" rel=\"noopener\">bylo<\/a>)&#8230;. asi u\u017e to ned\u011blaly poprv\u00e9.<\/p>\n<p>Na svahu krom dvou &#8222;norm\u00e1ln\u00edch&#8220; lid\u00ed byli aj dva s hadrem. N\u011bjak n\u00e1s neomezovali. My je snad taky ne. Z t\u00e9 \u010d\u00e1sti co sem vid\u011bl, se asi trochu v\u00edc nachodili. :-\/ Radek tentokr\u00e1t nemohl, ale poslal aspo\u0148l <a href=\"https:\/\/mlz.frystacko.cz\/wp-uploads\/2023\/05\/zm.IMG_0811.jpg\" target=\"_blank\" rel=\"noopener\">n\u00e1hradn\u00edka<\/a>.<\/p>\n<p>Honza m\u011bl testovac\u00ed den s rekonstruovanou Proximou&#8230; a n\u011bjak se mu u\u017e pak necht\u011blo ani skl\u00e1dat kompozita.<\/p>\n<p>Po p\u00e1t\u00e9 sme to rozpustili, pol\u00e9talo se dob\u0159e. Pod kopcem sem se m\u00edjel se Zde\u0148ou, v\u010detn\u011b rodiny. Mysl\u00edm, \u017ee zduch je\u0161t\u011b po\u0159\u00e1d m\u011bli na dobr\u00e9 pol\u00e9t\u00e1n\u00ed.<\/p>\n<p>U n\u00e1s na leti\u0161ti\u0161ti (kolem 6) u\u017e byl jen klu\u010dina s quadem&#8230;. a jinak nikdo&#8230;<\/p>\n","protected":false},"excerpt":{"rendered":"<p>V pond\u011bl\u00ed se povedlo zopakovat Ol\u0161inu. Foukalo trochu m\u00ed\u0148, ale l\u00e9tateln\u00e9 to bylo.<\/p>\n","protected":false},"author":3,"featured_media":0,"comment_status":"open","ping_status":"closed","sticky":false,"template":"","format":"standard","meta":{"footnotes":""},"categories":[21],"tags":[],"class_list":["post-41075","post","type-post","status-publish","format-standard","hentry","category-svah"],"_links":{"self":[{"href":"https:\/\/mlz.frystacko.cz\/index.php?rest_route=\/wp\/v2\/posts\/41075","targetHints":{"allow":["GET"]}}],"collection":[{"href":"https:\/\/mlz.frystacko.cz\/index.php?rest_route=\/wp\/v2\/posts"}],"about":[{"href":"https:\/\/mlz.frystacko.cz\/index.php?rest_route=\/wp\/v2\/types\/post"}],"author":[{"embeddable":true,"href":"https:\/\/mlz.frystacko.cz\/index.php?rest_route=\/wp\/v2\/users\/3"}],"replies":[{"embeddable":true,"href":"https:\/\/mlz.frystacko.cz\/index.php?rest_route=%2Fwp%2Fv2%2Fcomments&post=41075"}],"version-history":[{"count":3,"href":"https:\/\/mlz.frystacko.cz\/index.php?rest_route=\/wp\/v2\/posts\/41075\/revisions"}],"predecessor-version":[{"id":41129,"href":"https:\/\/mlz.frystacko.cz\/index.php?rest_route=\/wp\/v2\/posts\/41075\/revisions\/41129"}],"wp:attachment":[{"href":"https:\/\/mlz.frystacko.cz\/index.php?rest_route=%2Fwp%2Fv2%2Fmedia&parent=41075"}],"wp:term":[{"taxonomy":"category","embeddable":true,"href":"https:\/\/mlz.frystacko.cz\/index.php?rest_route=%2Fwp%2Fv2%2Fcategories&post=41075"},{"taxonomy":"post_tag","embeddable":true,"href":"https:\/\/mlz.frystacko.cz\/index.php?rest_route=%2Fwp%2Fv2%2Ftags&post=41075"}],"curies":[{"name":"wp","href":"https:\/\/api.w.org\/{rel}","templated":true}]}}