{"id":41135,"date":"2023-05-08T08:13:59","date_gmt":"2023-05-08T06:13:59","guid":{"rendered":"https:\/\/mlz.frystacko.cz\/?p=41135"},"modified":"2023-05-08T17:08:42","modified_gmt":"2023-05-08T15:08:42","slug":"prostejovska-jarni-rcep-2023","status":"publish","type":"post","link":"https:\/\/mlz.frystacko.cz\/?p=41135","title":{"rendered":"Prost\u011bjovsk\u00e1 jarn\u00ed RCEP 2023"},"content":{"rendered":"<p><img loading=\"lazy\" decoding=\"async\" class=\"alignleft wp-image-41136\" src=\"https:\/\/mlz.frystacko.cz\/wp-uploads\/2023\/05\/20230506-115449-44-267x200.jpg\" alt=\"RCEP Prost\u011bjov 2023-05-06\" width=\"128\" height=\"96\" srcset=\"https:\/\/mlz.frystacko.cz\/wp-uploads\/2023\/05\/20230506-115449-44-267x200.jpg 267w, https:\/\/mlz.frystacko.cz\/wp-uploads\/2023\/05\/20230506-115449-44-1024x768.jpg 1024w, https:\/\/mlz.frystacko.cz\/wp-uploads\/2023\/05\/20230506-115449-44-100x75.jpg 100w, https:\/\/mlz.frystacko.cz\/wp-uploads\/2023\/05\/20230506-115449-44-768x576.jpg 768w, https:\/\/mlz.frystacko.cz\/wp-uploads\/2023\/05\/20230506-115449-44-940x705.jpg 940w, https:\/\/mlz.frystacko.cz\/wp-uploads\/2023\/05\/20230506-115449-44.jpg 1275w\" sizes=\"auto, (max-width: 128px) 100vw, 128px\" \/><\/p>\n<p>V\u00a0sobotu 6.5. jsme se s\u00a0Lubo\u0161em z\u00fa\u010dastnili ji\u017e druh\u00e9 leto\u0161n\u00ed sout\u011b\u017ee RCEP, kter\u00e1 se tentokr\u00e1t konala v\u00a0Prost\u011bjov\u011b. Je\u0161t\u011b v\u00a0p\u00e1tek jsme se rozhodovali, jestli na tuto sout\u011b\u017e v\u016fbec pojedeme, proto\u017ee na sobotu byl hl\u00e1\u0161en\u00fd p\u0159echod fronty s\u00a0de\u0161t\u011bm. <!--more--><\/p>\n<p>Cel\u00fd t\u00fdden byla p\u0159edpov\u011b\u010f \u0161patn\u00e1, v\u010detn\u011b n\u00e1razov\u00e9ho v\u011btru do 12 m\/s, ale v\u00a0p\u00e1tek rosni\u010dky odvolaly alespo\u0148 ten v\u00edtr. Po telefon\u00e1tu s\u00a0tren\u00e9rem kategorie RCEP Ondrou Matulou jsme se definitivn\u011b rozhodli, \u017ee pojedeme.<\/p>\n<p>P\u0159\u00edjezd na leti\u0161t\u011b ve Stichovic\u00edch nebyl \u00fapln\u011b bez probl\u00e9m\u016f, dorazili jsme k\u00a0zam\u010den\u00e9 br\u00e1n\u011b. A\u017e pak jsme se zorientovali podle propozic a objeli jsme leti\u0161tn\u00ed budovy a po poln\u00ed cest\u011b jsme se dostali a\u017e na m\u00edsto.<\/p>\n<p>P\u0159edpov\u011b\u010f po\u010das\u00ed se vyplnila hned po na\u0161em p\u0159\u00edjezdu, proto\u017ee za\u010dalo slab\u011b pr\u0161et. Rychle jsme tedy postavili stanov\u00fd p\u0159\u00edst\u0159e\u0161ek. V\u00a0prvn\u00ed p\u0159est\u00e1vce mezi p\u0159eh\u00e1\u0148kami prob\u011bhl n\u00e1stup a po dal\u0161\u00ed p\u0159eh\u00e1\u0148ce za\u010dalo prvn\u00ed kolo s\u00a0p\u0159ibli\u017en\u011b hodinov\u00fdm zpo\u017ed\u011bn\u00edm proti pl\u00e1nu.<\/p>\n<p>Celkem p\u0159ijelo 15 z\u00e1vodn\u00edk\u016f a l\u00e9talo se 5 kol na 4 stanovi\u0161t\u00edch. V prvn\u00ed skupin\u011b byl i Lubo\u0161, tak\u017ee jsme p\u0159i\u0161li hned na \u0159adu. Prvn\u00ed 3 kola byla bez termiky, bylo to tedy o nal\u00e9tnut\u00ed maxim\u00e1ln\u00ed povolen\u00e9 v\u00fd\u0161ky (do 190 m) a minimalizaci opad\u00e1n\u00ed modelu. Nakonec p\u0159ist\u00e1n\u00ed na p\u0159esnost v 7 minut\u011b. D\u00edky sm\u011bru v\u011btru se p\u0159ist\u00e1valo p\u0159es zaparkovan\u00e1 auta, kter\u00e1 byla ve vzd\u00e1lenosti cca 50 m od p\u0159ist\u00e1vac\u00edch bod\u016f. Po prvn\u00edm kole se p\u0159ist\u00e1vac\u00ed body posunuly o 10 m dozadu. Pro jistotu.<\/p>\n<p>Ve \u010dtvrt\u00e9m kole trochu vylezlo slunce a za\u010dala m\u00edrn\u00e1 termika. Stoup\u00e1ky moc siln\u00e9 nebyly, ale bylo t\u0159eba se vyh\u00fdbat kles\u00e1k\u016fm. Taky jsem jeden chytil, ze z\u00e1znamu v\u00edm, \u017ee model padal 1 m\/s. Za minutu a \u010dtvrt jsem byl v 90 m, z po\u010d\u00e1te\u010dn\u00edch 182 m. Usilovn\u011b jsem hledal m\u00edsto, kde bych se zachr\u00e1nil. Na\u0161el jsem ho nad zaparkovan\u00fdmi auty, ale to jsem m\u011bl u\u017e jen 40 m v\u00fd\u0161ky. No nakonec jsem se dostal zp\u00e1tky do 70 m. To se mi tak zal\u00edbilo, \u017ee jsem pozd\u011b nasadil na p\u0159ist\u00e1n\u00ed, model jsem nedobrzdil v\u010das a p\u0159elet\u011bl jsem p\u0159ist\u00e1vac\u00ed bod. Inkasoval jsem tak nulu za p\u0159ist\u00e1n\u00ed a byl z toho m\u016fj \u0161krtac\u00ed v\u00fdsledek.<\/p>\n<p>V\u00a0p\u00e1t\u00e9m kole u\u017e vysvitlo slunce, byla standardn\u00ed jarn\u00ed termika, tak\u017ee naopak bylo pot\u0159eba d\u00e1vat pozor na start, aby se nep\u0159el\u00e9tala maxim\u00e1ln\u00ed povolen\u00e1 v\u00fd\u0161ka. Po vypnut\u00ed motoru jsem tla\u010dil model dol\u016f, ale i tak to bylo t\u011bsn\u00e9 \u2013 189 m. Pak jsem si kone\u010dn\u011b zal\u00edtal. Nastoupal jsem t\u00e9m\u011b\u0159 300 m, pak o 100 m dol\u016f a je\u0161t\u011b jednou skoro do 300 m. \u0158ekl jsem si \u017ee na 7 minut letu to nen\u00ed tak zl\u00e9. Pak fofrem dol\u016f a na p\u0159ist\u00e1n\u00ed. To jsem celkem trefil, jen na\u010dasov\u00e1n\u00ed nebylo ide\u00e1ln\u00ed. To nevad\u00ed, byl to super let.<\/p>\n<p>Na konci p\u00e1t\u00e9ho kola jsme sledovali Tom\u00e1\u0161e Hlavinku, jak jde p\u0159ed\u010dasn\u011b na p\u0159ist\u00e1n\u00ed a v\u00a05 metrech nad zem\u00ed za\u010d\u00edn\u00e1 krou\u017eit v\u00a0termice, kde vystoup\u00e1 postupn\u011b asi do 30 m a zku\u0161en\u011b p\u0159ist\u00e1v\u00e1 na bod. Par\u00e1da.<\/p>\n<p>Lubo\u0161 l\u00e9tal s\u00a0nov\u00fdm Djangem FC 100. \u010casy nal\u00e9tal bez probl\u00e9m\u016f, jen na p\u0159ist\u00e1n\u00ed se s\u00a0modelem trochu seznamoval. Konec konc\u016f je to vid\u011bt na videu, kter\u00e9 sem jist\u011b pov\u011bs\u00ed za tento \u010dl\u00e1nek.<\/p>\n<p>Sout\u011b\u017e vyhr\u00e1l Ji\u0159\u00ed Loutock\u00fd, kter\u00fd dle slov sv\u00e9ho otce, v\u00a0r\u00e1mci zimn\u00ed p\u0159\u00edpravy \u201eani nenabil baterky\u201c. \u010cemu\u017e se mi teda nechce v\u011b\u0159it. Druh\u00fd byl Zden\u011bk Mal\u010d\u00edk a t\u0159et\u00ed Ondra Matula. Nicm\u00e9n\u011b v\u00fdsledky nejsou tak d\u016fle\u017eit\u00e9 jako to, \u017ee m\u00e1 \u010dlov\u011bk mo\u017enost si spole\u010dn\u011b zal\u00e9tat s\u00a0nejlep\u0161\u00edmi piloty v\u00a0dan\u00e9 kategorii. Nechcete to taky zkusit?<\/p>\n","protected":false},"excerpt":{"rendered":"<p>V\u00a0sobotu 6.5. jsme se s\u00a0Lubo\u0161em z\u00fa\u010dastnili ji\u017e druh\u00e9 leto\u0161n\u00ed sout\u011b\u017ee RCEP, kter\u00e1 se tentokr\u00e1t konala v\u00a0Prost\u011bjov\u011b. Je\u0161t\u011b v\u00a0p\u00e1tek jsme se rozhodovali, jestli na tuto sout\u011b\u017e v\u016fbec pojedeme, proto\u017ee na sobotu byl hl\u00e1\u0161en\u00fd p\u0159echod fronty s\u00a0de\u0161t\u011bm.<\/p>\n","protected":false},"author":30,"featured_media":0,"comment_status":"open","ping_status":"closed","sticky":false,"template":"","format":"standard","meta":{"footnotes":""},"categories":[31],"tags":[],"class_list":["post-41135","post","type-post","status-publish","format-standard","hentry","category-souteze"],"_links":{"self":[{"href":"https:\/\/mlz.frystacko.cz\/index.php?rest_route=\/wp\/v2\/posts\/41135","targetHints":{"allow":["GET"]}}],"collection":[{"href":"https:\/\/mlz.frystacko.cz\/index.php?rest_route=\/wp\/v2\/posts"}],"about":[{"href":"https:\/\/mlz.frystacko.cz\/index.php?rest_route=\/wp\/v2\/types\/post"}],"author":[{"embeddable":true,"href":"https:\/\/mlz.frystacko.cz\/index.php?rest_route=\/wp\/v2\/users\/30"}],"replies":[{"embeddable":true,"href":"https:\/\/mlz.frystacko.cz\/index.php?rest_route=%2Fwp%2Fv2%2Fcomments&post=41135"}],"version-history":[{"count":4,"href":"https:\/\/mlz.frystacko.cz\/index.php?rest_route=\/wp\/v2\/posts\/41135\/revisions"}],"predecessor-version":[{"id":41146,"href":"https:\/\/mlz.frystacko.cz\/index.php?rest_route=\/wp\/v2\/posts\/41135\/revisions\/41146"}],"wp:attachment":[{"href":"https:\/\/mlz.frystacko.cz\/index.php?rest_route=%2Fwp%2Fv2%2Fmedia&parent=41135"}],"wp:term":[{"taxonomy":"category","embeddable":true,"href":"https:\/\/mlz.frystacko.cz\/index.php?rest_route=%2Fwp%2Fv2%2Fcategories&post=41135"},{"taxonomy":"post_tag","embeddable":true,"href":"https:\/\/mlz.frystacko.cz\/index.php?rest_route=%2Fwp%2Fv2%2Ftags&post=41135"}],"curies":[{"name":"wp","href":"https:\/\/api.w.org\/{rel}","templated":true}]}}