{"id":41909,"date":"2023-08-16T09:09:39","date_gmt":"2023-08-16T07:09:39","guid":{"rendered":"https:\/\/mlz.frystacko.cz\/?p=41909"},"modified":"2023-08-16T09:09:39","modified_gmt":"2023-08-16T07:09:39","slug":"olsina-92","status":"publish","type":"post","link":"https:\/\/mlz.frystacko.cz\/?p=41909","title":{"rendered":"Ol\u0161ina&#8230;"},"content":{"rendered":"<p><img loading=\"lazy\" decoding=\"async\" class=\"alignleft size-thumbnail wp-image-41957\" src=\"https:\/\/mlz.frystacko.cz\/wp-uploads\/2023\/08\/zm.IMG_3292-100x67.jpg\" alt=\"\" width=\"100\" height=\"67\" srcset=\"https:\/\/mlz.frystacko.cz\/wp-uploads\/2023\/08\/zm.IMG_3292-100x67.jpg 100w, https:\/\/mlz.frystacko.cz\/wp-uploads\/2023\/08\/zm.IMG_3292-300x200.jpg 300w, https:\/\/mlz.frystacko.cz\/wp-uploads\/2023\/08\/zm.IMG_3292-1024x683.jpg 1024w, https:\/\/mlz.frystacko.cz\/wp-uploads\/2023\/08\/zm.IMG_3292-768x512.jpg 768w, https:\/\/mlz.frystacko.cz\/wp-uploads\/2023\/08\/zm.IMG_3292-940x627.jpg 940w, https:\/\/mlz.frystacko.cz\/wp-uploads\/2023\/08\/zm.IMG_3292.jpg 1200w\" sizes=\"auto, (max-width: 100px) 100vw, 100px\" \/>Pond\u011bl\u00ed a \u00fater\u00fd bylo vhodn\u00e9 na svah&#8230;<\/p>\n<p><!--more-->P\u00e1r fotek z Ol\u0161iny. Dlabu\u0165\u00e1tka u\u017e pomalu za\u010d\u00ednaj\u00ed blenout. Mak st\u00e1le stoj\u00ed&#8230;kdy\u017e se v n\u011bm zrovna nevyv\u00e1lel n\u011bkdo s pytlem. :\/ Ale such\u00fd u\u017e je teda d\u016fkladn\u011b.<\/p>\n<p>Ten bedu\u00edn na fotk\u00e1ch je Radek. Trochu dost se p\u0159ipekl na \u010cmel\u00e1ku a u\u017e v tom necht\u011bl pokra\u010dovat.<br \/>\nV pond\u011bl\u00ed m\u011bl Scouta. Kdy\u017e se to pohodilo vedle sebe s Dingem..z d\u00e1lky po\u0159\u00e1d stejn\u00e9&#8230;a skoro 15 rok\u016f rozd\u00edl. \ud83d\ude42 Byli sme tam cca do 5 ,\u00a0 n\u00e1sledn\u011b se Lubo\u0161 pochv\u00e1lil, \u017ee tam byl po 7 a pol\u00e9tal i ve slab\u0161\u00edm.<\/p>\n<p>V \u00fater\u00fd sme se s n\u00edm aj potkali, bo to stihl d\u0159\u00edv. Uk\u00e1zal se aj Zde\u0148a, ale jen na chv\u00edlu, bo mlad\u00e9mu sl\u00edbil i jin\u00fd program. \ud83d\ude42 Radek se vytasil s p\u016fvodn\u011b modr\u00fdm Dingem&#8230;p\u011bkn\u011b ho zmaloval. \ud83d\ude42 Vid\u011bt je to l\u00edp&#8230; a l\u00e9t\u00e1 dob\u0159e.<\/p>\n","protected":false},"excerpt":{"rendered":"<p>Pond\u011bl\u00ed a \u00fater\u00fd bylo vhodn\u00e9 na svah&#8230;<\/p>\n","protected":false},"author":3,"featured_media":0,"comment_status":"open","ping_status":"closed","sticky":false,"template":"","format":"standard","meta":{"footnotes":""},"categories":[21],"tags":[],"class_list":["post-41909","post","type-post","status-publish","format-standard","hentry","category-svah"],"_links":{"self":[{"href":"https:\/\/mlz.frystacko.cz\/index.php?rest_route=\/wp\/v2\/posts\/41909","targetHints":{"allow":["GET"]}}],"collection":[{"href":"https:\/\/mlz.frystacko.cz\/index.php?rest_route=\/wp\/v2\/posts"}],"about":[{"href":"https:\/\/mlz.frystacko.cz\/index.php?rest_route=\/wp\/v2\/types\/post"}],"author":[{"embeddable":true,"href":"https:\/\/mlz.frystacko.cz\/index.php?rest_route=\/wp\/v2\/users\/3"}],"replies":[{"embeddable":true,"href":"https:\/\/mlz.frystacko.cz\/index.php?rest_route=%2Fwp%2Fv2%2Fcomments&post=41909"}],"version-history":[{"count":1,"href":"https:\/\/mlz.frystacko.cz\/index.php?rest_route=\/wp\/v2\/posts\/41909\/revisions"}],"predecessor-version":[{"id":41973,"href":"https:\/\/mlz.frystacko.cz\/index.php?rest_route=\/wp\/v2\/posts\/41909\/revisions\/41973"}],"wp:attachment":[{"href":"https:\/\/mlz.frystacko.cz\/index.php?rest_route=%2Fwp%2Fv2%2Fmedia&parent=41909"}],"wp:term":[{"taxonomy":"category","embeddable":true,"href":"https:\/\/mlz.frystacko.cz\/index.php?rest_route=%2Fwp%2Fv2%2Fcategories&post=41909"},{"taxonomy":"post_tag","embeddable":true,"href":"https:\/\/mlz.frystacko.cz\/index.php?rest_route=%2Fwp%2Fv2%2Ftags&post=41909"}],"curies":[{"name":"wp","href":"https:\/\/api.w.org\/{rel}","templated":true}]}}