{"id":43055,"date":"2024-08-02T12:52:01","date_gmt":"2024-08-02T10:52:01","guid":{"rendered":"https:\/\/mlz.frystacko.cz\/?p=43055"},"modified":"2024-08-02T13:40:34","modified_gmt":"2024-08-02T11:40:34","slug":"krizna-1574-m-velka-fatra-krizna","status":"publish","type":"post","link":"https:\/\/mlz.frystacko.cz\/?p=43055","title":{"rendered":"Kr\u00ed\u017ena (1574 m) Velk\u00e1 Fatra | K\u0159i\u017en\u00e1"},"content":{"rendered":"<p><img loading=\"lazy\" decoding=\"async\" class=\"alignleft size-thumbnail wp-image-43058\" src=\"https:\/\/mlz.frystacko.cz\/wp-uploads\/2024\/08\/mapa_Krizna-100x64.jpg\" alt=\"\" width=\"100\" height=\"64\" srcset=\"https:\/\/mlz.frystacko.cz\/wp-uploads\/2024\/08\/mapa_Krizna-100x64.jpg 100w, https:\/\/mlz.frystacko.cz\/wp-uploads\/2024\/08\/mapa_Krizna-300x192.jpg 300w, https:\/\/mlz.frystacko.cz\/wp-uploads\/2024\/08\/mapa_Krizna.jpg 391w\" sizes=\"auto, (max-width: 100px) 100vw, 100px\" \/>Ikonick\u00e9 m\u00edsto pro svahov\u00e9 l\u00e9t\u00e1n\u00ed (<a href=\"https:\/\/mapy.cz\/turisticka?m3d=1&amp;height=5004&amp;yaw=0&amp;pitch=-45&amp;source=osm&amp;id=1067268372&amp;ds=1&amp;x=19.0672742&amp;y=48.8846186&amp;z=14\">mapa<\/a>).<\/p>\n<p><!--more--><\/p>\n<p>Kr\u00ed\u017ena je hora ve Velk\u00e9 Fat\u0159e jej\u00ed\u017e vrchol le\u017e\u00ed na \u00fazem\u00ed obce Liptovsk\u00e9 Rev\u00face na Slovensku. P\u0159edstavuje svorn\u00edk, do kter\u00e9ho se sb\u00edhaj\u00ed celkem \u010dty\u0159i h\u0159ebeny. Na sever, kde hora soused\u00ed s vrcholem Dlh\u00fd gr\u00fa\u0148, vyb\u00edh\u00e1 hlavn\u00ed velkofatransk\u00fd h\u0159eben. Dal\u0161\u00ed h\u0159eben sm\u011b\u0159uje v\u00fdchodn\u00edm sm\u011brem, kde pokra\u010duje p\u0159es Rybovsk\u00e9 sedlo sm\u011brem k podcelku Zvolen.\u00a0<a href=\"https:\/\/cs.wikipedia.org\/wiki\/Kr%C3%AD%C5%BEna_(Velk%C3%A1_Fatra)\" target=\"_blank\" rel=\"noopener\">Wikipedia<\/a><\/p>\n<p>Roky o tom m\u00edst\u011b sl\u00fdch\u00e1v\u00e1m. N\u011bkolik let jsem se na to m\u00edsto d\u00edval z Donoval (<a href=\"https:\/\/mapy.cz\/turisticka?mereni-vzdalenosti&amp;rm=9s6MGxSCkh9siUGj7F&amp;x=19.1451473&amp;y=48.8857959&amp;z=13\">Zvolen 1402m<\/a>). A letos se to stalo.<\/p>\n<p>V \u00fater\u00fd jsme to s Petrem definitivn\u011b upekli. Ve st\u0159edu 31.7.2024 dopoledne pojedeme l\u00e9tat na K\u0159i\u017enou. Petr se na to chystal u\u017e n\u011bjak\u00fd \u010das. J\u00e1 jsem se o t\u00e9to mo\u017enosti dozv\u011bd\u011bl a\u017e p\u0159i l\u00e9t\u00e1n\u00ed na Donovalech. Jasn\u011b, nebylo o \u010dem p\u0159em\u00fd\u0161let. T\u011b\u0161\u00edm se na to u\u017e n\u011bkolik let a kdy\u017e ta mo\u017enost p\u0159i\u0161la, tak jak\u00e9pak-copak a sm\u011ble do toho. Kdo chce z\u00e1\u017eitky, mus\u00ed pro to n\u011bco ud\u011blat.<\/p>\n<p>V\u00fdstup na K\u0159i\u017enou je toti\u017e tro\u0161ku specifick\u00fd a dvouf\u00e1zov\u00fd.<\/p>\n<p>Prvn\u00ed etapa &#8211; auto. Nejd\u0159\u00edve se jede autem 13 km po lesn\u00ed cest\u011b, kter\u00e1 na asi 4-5 m\u00edstech vy\u017eaduje opatrn\u00e9 a pomal\u00e9 projet\u00ed. Je to za mal\u00fd poplatek 6 \u20ac. Plat\u00ed se to p\u0159es sms. St\u0159\u00edd\u00e1 se tam asfalt se \u0161otolinou (ta p\u0159evl\u00e1d\u00e1), kameny s odvod\u0148ov\u00e1ky, \u00fazk\u00e1 m\u00edsta ledva pro jedno auto s \u00faseky, kde se d\u00e1 vyhnout s protijedouc\u00edm autem. Ale ty pohledy a v\u00fdhledy jsou \u00fa\u017easn\u00e9 &#8211; horsk\u00fd potok, sk\u00e1ly, \u017eelezni\u010dn\u00ed tunel, skoro vodop\u00e1d &#8230; k vid\u011bn\u00ed byly i cedule: Z\u00e1kaz bagrov\u00e1n\u00ed. Mimochodem, cestou nahoru jsme se m\u00edjeli se 4 osobn\u00edmi auty a jedn\u00edm traktorem. T\u011bch 13 km jsme jeli asi 45 minut. C\u00edlem t\u00e9to etapy je hotelov\u00e9 parkovi\u0161t\u011b &#8211; Horsk\u00fd hotel Kr\u00e1l&#8217;ova stud\u0148a (1264 m).<\/p>\n<p>Druh\u00e1 etapa &#8211; v\u00fd\u0161lap, t\u00fara, nebo jak kdo chce. Proch\u00e1zka na 3,8 km, ale m\u016f\u017ee b\u00fdt i del\u0161\u00ed s p\u0159ev\u00fd\u0161en\u00edm 300 m. Ano, znamen\u00e1 to jedin\u00e9. V\u0161e pot\u0159ebn\u00e9 si nahoru don\u00e9st stylem ,,soumar jsem te\u010f j\u00e1&#8220;. Jak u\u017e jsem psal v\u00fd\u0161e. Petr byl na cestu p\u0159ipraven\u00fd. V\u0161e sbaleno v batohu, voln\u00e9 ruce a v\u00e1hu p\u011bkn\u011b rozlo\u017eenou na z\u00e1dech. Zato j\u00e1 jsem to m\u011bl na ,,punk&#8220;. Po na\u0161ich kope\u010dk\u00e1ch, v\u010detn\u011b Donoval chod\u00edm\/nos\u00edm si v\u011bci ve sportovn\u00ed ta\u0161ce a jedno letadlo m\u00e1m na z\u00e1dech, druh\u00e9 p\u0159es rameno. Jak to ale ud\u011blat te\u010f, kdy\u017e m\u011b \u010dek\u00e1 v\u00fd\u0161lap? Jednodu\u0161e &#8211; nebo sp\u00ed\u0161, jinak to stejn\u011b nejde. Tak\u017ee, maxim\u00e1ln\u011b odleh\u010dit &#8211; to se povedlo &#8211; nesl jsem jen 18 kg.\u00a0 No, a jak to na sebe nav\u011bsit? Ta\u0161ku jako batoh. Ne, ta\u0161ka opravdu nem\u00e1 polstrovan\u00e9 u\u0161i, m\u00e1 jen tenk\u00e9 p\u00e1sky. Pod ka\u017ed\u00e9 ucho jsem dal na rameno bal\u00ed\u010dek pap\u00edrov\u00fdch kapesn\u00edk\u016f, aby to trochu ,,pomohlo&#8220;. Pomohlo, v\u00edce to z ramen klouzalo. Letadla \u0161la do jednoho snowboardov\u00e9ho futr\u00e1lu. Zav\u011b\u0161en\u00ed p\u0159es rameno a hlavu. A \u0161lo to &#8211; proto\u017ee jsem cht\u011bl aby to \u0161lo.<\/p>\n<p>Cestou jsme potk\u00e1vali turisty, turistky i bikery a e-kola\u0159e.<\/p>\n<p>V\u00fdhledy jsou z vrchol\u016f dechberouc\u00ed. Foukalo slab\u011b SZ-Z s ob\u010dasn\u00fdmi n\u00e1razy. P\u0159edpov\u011b\u010f slibovala, \u010di vyhro\u017eovala 2 m\/s v n\u00e1razech a\u017e 8 m\/s. Vybrali jsme tedy n\u00e1v\u011btrnou stranu pro tento sm\u011br v\u011btru a za\u010dali chystat ko\u0161\u0165ata ku startu. K\u0159i\u017en\u00e1 je mimo jin\u00e9 \u00fa\u017easn\u00e1 t\u00edm, \u017ee jak se tady st\u0159et\u00e1vaj\u00ed h\u0159ebeny z r\u016fzn\u00fdch sm\u011br\u016f, tak je jedno odkud fouk\u00e1, proto\u017ee na ka\u017edou stranu je to z kopce do po\u0159\u00e1dn\u00e9 j\u00e1my. Hloubka na\u0161\u00ed j\u00e1my, kde jsme l\u00e9tali byla 300-400 m. Dle toho, na kter\u00e9 stran\u011b h\u0159ebenu jsme zrovna l\u00e9tali. Ji\u017en\u00ed strana cca.700-750 m. Tato \u00fadol\u00ed generuj\u00ed obrovsk\u00fd vztlak, i kdy\u017e to moc nefouk\u00e1 &#8211; sta\u010d\u00ed, aby se to od slunka proh\u0159\u00e1lo. To jsme si vyzkou\u0161eli i na ji\u017en\u00edm svahu, kdy\u017e jsme z toho na\u0161eho p\u0159el\u00e9t\u00e1vali na jih. Krou\u017eili jsme tam s krkavci a nab\u00edrali \u00fa\u017easnou v\u00fd\u0161ku, i kdy\u017e vlastn\u011b foukalo z druh\u00e9 strany.<\/p>\n<p>Nahoru jsme \u0161li i s p\u0159est\u00e1vkami 1:29 hod. V\u0161echna 4 letadla (2x F3x, 1x ryba, 1x Thermik XL) jsme n\u00e1le\u017eit\u011b vyv\u011btrali a n\u00e1dhern\u011b si zal\u00e9tali. Pit\u00ed a j\u00eddla jsme m\u011bli dostatek, tak\u017ee n\u00e1m nic nechyb\u011blo. Od Martina p\u0159i\u0161la zpr\u00e1va, \u017ee na Donovalech s Liborem l\u00e9taj\u00ed jih. S tro\u0161kou nevole, proto\u017ee to fakt nosilo a dr\u017eelo jsme se kolem 18:30 vydali na cestu zp\u011bt. Cestou jsme kuli pl\u00e1ny, kdy a jak se sem co nejd\u0159\u00edve vr\u00e1t\u00edme.<\/p>\n<p>A\u017e dol\u016f k hlavn\u00ed cest\u011b jsme se dostali kolem 20:45 hod. P\u0159eskl\u00e1dal jsem v\u0161echny moje v\u011bci a v\u0161echny \u010d\u00e1sti letadel k sob\u011b do auta a vyrazil jsem na 3,15 hodinovou cestu dom\u016f. O p\u016flnoci jsem dorazil &#8211; ufff.<\/p>\n<p>Spokojenost &#8211; nad\u0161en\u00ed &#8211; blaho &#8230; to bylo na\u0161e l\u00e9t\u00e1n\u00ed na K\u0159i\u017en\u00e9.<\/p>\n<p>Foto &#8211; Kr\u00ed\u017ena: klik na <a href=\"https:\/\/www.rajce.idnes.cz\/czlusa\/album\/krizna-2024-slope-soaring\">odkaz<\/a><\/p>\n<p>Video &#8211; Kr\u00ed\u017ena: <a href=\"https:\/\/www.youtube.com\/watch?v=X8xpIC1iuF4\">l\u00e9t\u00e1n\u00ed<\/a>, <a href=\"https:\/\/www.youtube.com\/watch?v=hMXODYhj9mw\">p\u011b\u0161ky dol\u016f<\/a>, <a href=\"https:\/\/www.youtube.com\/watch?v=kcrRY7fNJmM\">autem dol\u016f<\/a><\/p>\n<p>_______________________<\/p>\n<p><strong>Donovaly 29.-30.7.2024<\/strong><\/p>\n<p><strong>foto:<\/strong> <a href=\"https:\/\/www.rajce.idnes.cz\/czlusa\/album\/donovaly-2024-slope-soaring-1-den\">1. den<\/a>, <a href=\"https:\/\/www.rajce.idnes.cz\/czlusa\/album\/donovaly-2024-slope-soaring-2-den\">2. den<\/a> | <strong>video:<\/strong> <a href=\"https:\/\/www.youtube.com\/watch?v=QufHErSc-bA\">1. den<\/a>, <a href=\"https:\/\/www.youtube.com\/watch?v=QD7tLlszyPY\">2. den<\/a><\/p>\n<p>&nbsp;<\/p>\n","protected":false},"excerpt":{"rendered":"<p>Ikonick\u00e9 m\u00edsto pro svahov\u00e9 l\u00e9t\u00e1n\u00ed (mapa).<\/p>\n","protected":false},"author":13,"featured_media":0,"comment_status":"open","ping_status":"closed","sticky":false,"template":"","format":"standard","meta":{"footnotes":""},"categories":[21],"tags":[],"class_list":["post-43055","post","type-post","status-publish","format-standard","hentry","category-svah"],"_links":{"self":[{"href":"https:\/\/mlz.frystacko.cz\/index.php?rest_route=\/wp\/v2\/posts\/43055","targetHints":{"allow":["GET"]}}],"collection":[{"href":"https:\/\/mlz.frystacko.cz\/index.php?rest_route=\/wp\/v2\/posts"}],"about":[{"href":"https:\/\/mlz.frystacko.cz\/index.php?rest_route=\/wp\/v2\/types\/post"}],"author":[{"embeddable":true,"href":"https:\/\/mlz.frystacko.cz\/index.php?rest_route=\/wp\/v2\/users\/13"}],"replies":[{"embeddable":true,"href":"https:\/\/mlz.frystacko.cz\/index.php?rest_route=%2Fwp%2Fv2%2Fcomments&post=43055"}],"version-history":[{"count":13,"href":"https:\/\/mlz.frystacko.cz\/index.php?rest_route=\/wp\/v2\/posts\/43055\/revisions"}],"predecessor-version":[{"id":43069,"href":"https:\/\/mlz.frystacko.cz\/index.php?rest_route=\/wp\/v2\/posts\/43055\/revisions\/43069"}],"wp:attachment":[{"href":"https:\/\/mlz.frystacko.cz\/index.php?rest_route=%2Fwp%2Fv2%2Fmedia&parent=43055"}],"wp:term":[{"taxonomy":"category","embeddable":true,"href":"https:\/\/mlz.frystacko.cz\/index.php?rest_route=%2Fwp%2Fv2%2Fcategories&post=43055"},{"taxonomy":"post_tag","embeddable":true,"href":"https:\/\/mlz.frystacko.cz\/index.php?rest_route=%2Fwp%2Fv2%2Ftags&post=43055"}],"curies":[{"name":"wp","href":"https:\/\/api.w.org\/{rel}","templated":true}]}}