{"id":464,"date":"2012-05-09T22:46:25","date_gmt":"2012-05-09T20:46:25","guid":{"rendered":"https:\/\/mlz.frystacko.cz\/?p=464"},"modified":"2012-06-21T09:41:21","modified_gmt":"2012-06-21T07:41:21","slug":"ion-ve-vzduchu","status":"publish","type":"post","link":"https:\/\/mlz.frystacko.cz\/?p=464","title":{"rendered":"S Ionem ve vzduchu"},"content":{"rendered":"<p><img loading=\"lazy\" decoding=\"async\" class=\"alignleft size-thumbnail wp-image-479\" title=\"IMG_6669\" src=\"https:\/\/mlz.frystacko.cz\/wp-uploads\/2012\/05\/IMG_6669-100x75.jpg\" alt=\"\" width=\"100\" height=\"75\" srcset=\"https:\/\/mlz.frystacko.cz\/wp-uploads\/2012\/05\/IMG_6669-100x75.jpg 100w, https:\/\/mlz.frystacko.cz\/wp-uploads\/2012\/05\/IMG_6669-267x200.jpg 267w, https:\/\/mlz.frystacko.cz\/wp-uploads\/2012\/05\/IMG_6669-1024x768.jpg 1024w, https:\/\/mlz.frystacko.cz\/wp-uploads\/2012\/05\/IMG_6669-768x576.jpg 768w, https:\/\/mlz.frystacko.cz\/wp-uploads\/2012\/05\/IMG_6669-940x705.jpg 940w, https:\/\/mlz.frystacko.cz\/wp-uploads\/2012\/05\/IMG_6669.jpg 1200w\" sizes=\"auto, (max-width: 100px) 100vw, 100px\" \/>Proto\u017ee v\u0161ichni, kdo mohli, tak sed\u011bli doma u po\u010d\u00edta\u010d\u016f a sna\u017eili se \u0159e\u0161it str\u00e1nky (asi), se\u0161li sme se na leti\u0161ti cel\u00ed dva&#8230; Divn\u00ed lidi. A bylo tak p\u011bkn\u011b. (Radek m\u00e1 omluvenku)<!--more-->Abyste alespo\u0148 z \u010d\u00e1sti v\u011bd\u011bli, o jak\u00e9 po\u010das\u00ed jste p\u0159i\u0161li, tady je demo-vzorek.<\/p>\n<p>Z blbosti sme chv\u00edlu zkou\u0161eli, jestli &#8222;n\u00e1hodou&#8220; nevyfot\u00edme jeden druh\u00e9ho, ale Petr\u016fv ION byl dost rychl\u00fd a EGE s fo\u0165\u00e1kem zase dost ztr\u00e1cel v\u00fd\u0161ku&#8230; moc \u0161anc\u00ed nebylo. \ud83d\ude42<\/p>\n","protected":false},"excerpt":{"rendered":"<p>Proto\u017ee v\u0161ichni, kdo mohli, tak sed\u011bli doma u po\u010d\u00edta\u010d\u016f a sna\u017eili se \u0159e\u0161it str\u00e1nky (asi), se\u0161li sme se na leti\u0161ti cel\u00ed dva&#8230; Divn\u00ed lidi. A bylo tak p\u011bkn\u011b. (Radek m\u00e1 omluvenku)<\/p>\n","protected":false},"author":3,"featured_media":0,"comment_status":"open","ping_status":"open","sticky":false,"template":"","format":"standard","meta":{"footnotes":""},"categories":[18],"tags":[],"class_list":["post-464","post","type-post","status-publish","format-standard","hentry","category-provoz-na-letisti"],"_links":{"self":[{"href":"https:\/\/mlz.frystacko.cz\/index.php?rest_route=\/wp\/v2\/posts\/464","targetHints":{"allow":["GET"]}}],"collection":[{"href":"https:\/\/mlz.frystacko.cz\/index.php?rest_route=\/wp\/v2\/posts"}],"about":[{"href":"https:\/\/mlz.frystacko.cz\/index.php?rest_route=\/wp\/v2\/types\/post"}],"author":[{"embeddable":true,"href":"https:\/\/mlz.frystacko.cz\/index.php?rest_route=\/wp\/v2\/users\/3"}],"replies":[{"embeddable":true,"href":"https:\/\/mlz.frystacko.cz\/index.php?rest_route=%2Fwp%2Fv2%2Fcomments&post=464"}],"version-history":[{"count":7,"href":"https:\/\/mlz.frystacko.cz\/index.php?rest_route=\/wp\/v2\/posts\/464\/revisions"}],"predecessor-version":[{"id":482,"href":"https:\/\/mlz.frystacko.cz\/index.php?rest_route=\/wp\/v2\/posts\/464\/revisions\/482"}],"wp:attachment":[{"href":"https:\/\/mlz.frystacko.cz\/index.php?rest_route=%2Fwp%2Fv2%2Fmedia&parent=464"}],"wp:term":[{"taxonomy":"category","embeddable":true,"href":"https:\/\/mlz.frystacko.cz\/index.php?rest_route=%2Fwp%2Fv2%2Fcategories&post=464"},{"taxonomy":"post_tag","embeddable":true,"href":"https:\/\/mlz.frystacko.cz\/index.php?rest_route=%2Fwp%2Fv2%2Ftags&post=464"}],"curies":[{"name":"wp","href":"https:\/\/api.w.org\/{rel}","templated":true}]}}