{"id":5059,"date":"2013-08-01T19:47:34","date_gmt":"2013-08-01T17:47:34","guid":{"rendered":"https:\/\/mlz.frystacko.cz\/?p=5059"},"modified":"2013-08-01T21:29:01","modified_gmt":"2013-08-01T19:29:01","slug":"letesky-den-letisko-holic-sk","status":"publish","type":"post","link":"https:\/\/mlz.frystacko.cz\/?p=5059","title":{"rendered":"Letesk\u00fd Den Letisko Hol\u00ed\u010d sk"},"content":{"rendered":"<p><a href=\"https:\/\/mlz.frystacko.cz\/?attachment_id=5058\" rel=\"attachment wp-att-5058\"><img loading=\"lazy\" decoding=\"async\" class=\"alignleft size-thumbnail wp-image-5058\" alt=\"DSCN6530\" src=\"https:\/\/mlz.frystacko.cz\/wp-uploads\/2013\/08\/DSCN6530-100x75.jpg\" width=\"100\" height=\"75\" srcset=\"https:\/\/mlz.frystacko.cz\/wp-uploads\/2013\/08\/DSCN6530-100x75.jpg 100w, https:\/\/mlz.frystacko.cz\/wp-uploads\/2013\/08\/DSCN6530-267x200.jpg 267w, https:\/\/mlz.frystacko.cz\/wp-uploads\/2013\/08\/DSCN6530-768x576.jpg 768w, https:\/\/mlz.frystacko.cz\/wp-uploads\/2013\/08\/DSCN6530-1024x768.jpg 1024w\" sizes=\"auto, (max-width: 100px) 100vw, 100px\" \/><\/a>27.7 se konal na leti\u0161ti HOL\u00cd\u010c Leteckomodel\u00e1\u0159sk\u00fd den . <!--more-->Leti\u0161t\u011b Hol\u00ed\u010d se nach\u00e1z\u00ed cca 5 km za pomyslnou st\u00e1tni hranic\u00ed Slovensk\u00e9 rep. hned vedle Hodon\u00edna. Z d\u0159\u00edv\u011bj\u0161\u00edch ro\u010dn\u00edk\u016f vim \u017ee se bylo v\u017edy na co d\u00edvat , i letos \u00a0 se to po\u0159adatel\u016fm a v\u0161em u\u010dinkujic\u00edm moc povedlo. Z pohledu div\u00e1ka moc p\u011bkn\u00e1 akce, uk\u00e1\u017eky maket modelu na kr\u00e1tkou dobu vyst\u0159\u00eddaly pr\u016flety sportovn\u00edch i vojensk\u00fdch letadel nechyb\u011bla ani akrobacie akrobatick\u00fdch specialu. Na zemi byla statick\u00e1 uk\u00e1zka v\u0161ech mo\u017en\u00fdch letajic\u00edch za\u0159\u00edzeni ale i v\u00fdstava modern\u00edch a historick\u00fdch aut ,vojenska technika a pro ty nejmen\u0161\u00ed spousta atrakc\u00ed .<\/p>\n<p>P\u0159ikl\u00e1d\u00e1m p\u00e1r fotek , vice na Raj\u010de foto: \u00a0\u00a0 meverick11<\/p>\n<p>&nbsp;<\/p>\n","protected":false},"excerpt":{"rendered":"<p>27.7 se konal na leti\u0161ti HOL\u00cd\u010c Leteckomodel\u00e1\u0159sk\u00fd den .<\/p>\n","protected":false},"author":5,"featured_media":0,"comment_status":"open","ping_status":"closed","sticky":false,"template":"","format":"standard","meta":{"footnotes":""},"categories":[6],"tags":[],"class_list":["post-5059","post","type-post","status-publish","format-standard","hentry","category-akce"],"_links":{"self":[{"href":"https:\/\/mlz.frystacko.cz\/index.php?rest_route=\/wp\/v2\/posts\/5059","targetHints":{"allow":["GET"]}}],"collection":[{"href":"https:\/\/mlz.frystacko.cz\/index.php?rest_route=\/wp\/v2\/posts"}],"about":[{"href":"https:\/\/mlz.frystacko.cz\/index.php?rest_route=\/wp\/v2\/types\/post"}],"author":[{"embeddable":true,"href":"https:\/\/mlz.frystacko.cz\/index.php?rest_route=\/wp\/v2\/users\/5"}],"replies":[{"embeddable":true,"href":"https:\/\/mlz.frystacko.cz\/index.php?rest_route=%2Fwp%2Fv2%2Fcomments&post=5059"}],"version-history":[{"count":10,"href":"https:\/\/mlz.frystacko.cz\/index.php?rest_route=\/wp\/v2\/posts\/5059\/revisions"}],"predecessor-version":[{"id":5071,"href":"https:\/\/mlz.frystacko.cz\/index.php?rest_route=\/wp\/v2\/posts\/5059\/revisions\/5071"}],"wp:attachment":[{"href":"https:\/\/mlz.frystacko.cz\/index.php?rest_route=%2Fwp%2Fv2%2Fmedia&parent=5059"}],"wp:term":[{"taxonomy":"category","embeddable":true,"href":"https:\/\/mlz.frystacko.cz\/index.php?rest_route=%2Fwp%2Fv2%2Fcategories&post=5059"},{"taxonomy":"post_tag","embeddable":true,"href":"https:\/\/mlz.frystacko.cz\/index.php?rest_route=%2Fwp%2Fv2%2Ftags&post=5059"}],"curies":[{"name":"wp","href":"https:\/\/api.w.org\/{rel}","templated":true}]}}