{"id":5584,"date":"2013-08-25T02:05:58","date_gmt":"2013-08-25T00:05:58","guid":{"rendered":"https:\/\/mlz.frystacko.cz\/?p=5584"},"modified":"2013-08-25T02:08:25","modified_gmt":"2013-08-25T00:08:25","slug":"patek-a-sobota-a-jirkova-cessnicka-uz","status":"publish","type":"post","link":"https:\/\/mlz.frystacko.cz\/?p=5584","title":{"rendered":"P\u00e1tek a sobota&#8230; a Jirkova Cessni\u010dka&#8230; u\u017e!"},"content":{"rendered":"<p><img loading=\"lazy\" decoding=\"async\" class=\"alignleft size-thumbnail wp-image-5617\" alt=\"IMG_8637\" src=\"https:\/\/mlz.frystacko.cz\/wp-uploads\/2013\/08\/IMG_8637-100x66.jpg\" width=\"100\" height=\"66\" \/>Jirkovi dob\u00edhalo ultim\u00e1tum na dokon\u010den\u00ed Cessny a tak zabral. V p\u00e1tek n\u00e1m p\u0159ivezl uk\u00e1zat alespo\u0148 trup a v sobotu p\u0159i\u0161el na z\u00e1vrk a z\u00e1let. \ud83d\ude42<\/p>\n<p><!--more-->P\u00e1tek byl je\u0161t\u011b m\u00edrn\u011b v\u011btrn\u00fd&#8230;. ale p\u0159\u00edjemn\u011b. Foukalo dost, ale p\u0159\u00edmo po dr\u00e1ze a bez turbulenc\u00ed. No slab\u0161\u00ed povaha zkusila vyt\u00e1hnout draka&#8230; &#8222;na\u0161t\u011bst\u00ed&#8220; ho neslo\u017eil po\u0159\u00e1dn\u011b, tak\u017ee ho po chv\u00edli sb\u00edral po leti\u0161ti, ani sme ho nemuseli vyh\u00e1n\u011bt. \ud83d\ude42<\/p>\n<p>No.. a v sobotu odpoledne bylo skv\u011ble, bezv\u011bt\u0159\u00ed, jasno&#8230;\u00a0 Jirka p\u0159ivezl trup ji\u017e zasklen\u00fd, cel\u00e9 k\u0159\u00eddlo&#8230; do n\u00e1dr\u017ee vlezlo 5 st\u0159\u00edka\u010dek, start\u00e9rem se stala rukavica, bo elektrick\u00fd byl nau\u010den\u00fd jen na mal\u00e9 \u017ehav\u00edky. Motorek (benzin) sice chv\u00edlu trucoval ale nakonec si nechal \u0159\u00edct&#8230; p\u0159i pojezdech sice povolilo t\u00e1hlo k p\u0159edn\u00ed noze (st\u0159edn\u00ed plastov\u00fd obal), ale z\u00e1hy bylo opraveno a stroj dnes \u0160EL. Jirka vypadal m\u00edrn\u011b &#8222;zklaman\u00fd&#8220;, \u017ee nem\u00e1 co trimovat a za ch\u00edlu tam tahal jeden p\u0159emet za druh\u00fdm. \ud83d\ude42 Po vyta\u017een\u00ed klapek letadlo jen zpomalilo a do v\u00fd\u0161kovky nebylo pot\u0159eba ani hr\u00e1bnout. Prost\u011b moc p\u0159\u00edjemn\u00fd projev&#8230; jen na zkou\u0161en\u00ed vle\u010dn\u00e9ho h\u00e1\u010dku u\u017e nedo\u0161lo, ale to je\u0161t\u011b p\u0159ijde.<\/p>\n<p>Tak a\u0165 se da\u0159\u00ed i nad\u00e1le!<\/p>\n","protected":false},"excerpt":{"rendered":"<p>Jirkovi dob\u00edhalo ultim\u00e1tum na dokon\u010den\u00ed Cessny a tak zabral. V p\u00e1tek n\u00e1m p\u0159ivezl uk\u00e1zat alespo\u0148 trup a v sobotu p\u0159i\u0161el na z\u00e1vrk a z\u00e1let. \ud83d\ude42<\/p>\n","protected":false},"author":3,"featured_media":0,"comment_status":"open","ping_status":"closed","sticky":false,"template":"","format":"standard","meta":{"footnotes":""},"categories":[18],"tags":[],"class_list":["post-5584","post","type-post","status-publish","format-standard","hentry","category-provoz-na-letisti"],"_links":{"self":[{"href":"https:\/\/mlz.frystacko.cz\/index.php?rest_route=\/wp\/v2\/posts\/5584","targetHints":{"allow":["GET"]}}],"collection":[{"href":"https:\/\/mlz.frystacko.cz\/index.php?rest_route=\/wp\/v2\/posts"}],"about":[{"href":"https:\/\/mlz.frystacko.cz\/index.php?rest_route=\/wp\/v2\/types\/post"}],"author":[{"embeddable":true,"href":"https:\/\/mlz.frystacko.cz\/index.php?rest_route=\/wp\/v2\/users\/3"}],"replies":[{"embeddable":true,"href":"https:\/\/mlz.frystacko.cz\/index.php?rest_route=%2Fwp%2Fv2%2Fcomments&post=5584"}],"version-history":[{"count":6,"href":"https:\/\/mlz.frystacko.cz\/index.php?rest_route=\/wp\/v2\/posts\/5584\/revisions"}],"predecessor-version":[{"id":5629,"href":"https:\/\/mlz.frystacko.cz\/index.php?rest_route=\/wp\/v2\/posts\/5584\/revisions\/5629"}],"wp:attachment":[{"href":"https:\/\/mlz.frystacko.cz\/index.php?rest_route=%2Fwp%2Fv2%2Fmedia&parent=5584"}],"wp:term":[{"taxonomy":"category","embeddable":true,"href":"https:\/\/mlz.frystacko.cz\/index.php?rest_route=%2Fwp%2Fv2%2Fcategories&post=5584"},{"taxonomy":"post_tag","embeddable":true,"href":"https:\/\/mlz.frystacko.cz\/index.php?rest_route=%2Fwp%2Fv2%2Ftags&post=5584"}],"curies":[{"name":"wp","href":"https:\/\/api.w.org\/{rel}","templated":true}]}}