{"id":5788,"date":"2013-09-09T18:58:33","date_gmt":"2013-09-09T16:58:33","guid":{"rendered":"https:\/\/mlz.frystacko.cz\/?p=5788"},"modified":"2013-09-09T20:26:07","modified_gmt":"2013-09-09T18:26:07","slug":"jo-a-v-sobotu-rano-jsem-zase-zkousel-chytit-vlak","status":"publish","type":"post","link":"https:\/\/mlz.frystacko.cz\/?p=5788","title":{"rendered":"Jo a v sobotu r\u00e1no jsem zase zkou\u0161el chytit vlak&#8230; :-\/"},"content":{"rendered":"<p><img loading=\"lazy\" decoding=\"async\" class=\"alignleft size-thumbnail wp-image-5796\" alt=\"IMG_6386\" src=\"https:\/\/mlz.frystacko.cz\/wp-uploads\/2013\/09\/IMG_6386-100x75.jpg\" width=\"100\" height=\"75\" srcset=\"https:\/\/mlz.frystacko.cz\/wp-uploads\/2013\/09\/IMG_6386-100x75.jpg 100w, https:\/\/mlz.frystacko.cz\/wp-uploads\/2013\/09\/IMG_6386-267x200.jpg 267w, https:\/\/mlz.frystacko.cz\/wp-uploads\/2013\/09\/IMG_6386-768x576.jpg 768w, https:\/\/mlz.frystacko.cz\/wp-uploads\/2013\/09\/IMG_6386-1024x768.jpg 1024w, https:\/\/mlz.frystacko.cz\/wp-uploads\/2013\/09\/IMG_6386.jpg 1600w\" sizes=\"auto, (max-width: 100px) 100vw, 100px\" \/>Kdybyste se cht\u011bli pod\u00edvat, jak to vypad\u00e1 kolem Moravy pod Otrokovicama&#8230; je mo\u017enost. S t\u00edm slibovan\u00fdm vlakem je to ale op\u011bt slab\u0161\u00ed. \ud83d\ude42<\/p>\n<p><!--more-->Je to u\u017e takov\u00e1 moje tradice. Fotit vl\u00e1\u010dky. Pl\u00e1n je poka\u017ed\u00e9 stejn\u00fd, jednoduch\u00fd. Vyfotit si vlak. Z modelu. V\u00fdsledek je taky poka\u017ed\u00e9 stejn\u00fd. M\u00e1m vyfocen\u00e9 kopce v d\u00e1lce. Jindy m\u00e1m kus trati, kde by ten vlak jel, i most se povede &#8230; no s vlakem je to pravideln\u011b mrzut\u00e9, zbab\u011blec nikdy nepo\u010dk\u00e1. Take i tentokr\u00e1t m\u016f\u017eu \u0159\u00edct &#8211; jel tama. Kdy\u017e se \u010dlov\u011bk hodn\u011b sna\u017e\u00ed, najde ho tam, ale tentokr\u00e1t jel p\u0159esn\u011b v dob\u011b, kdy sem byl proti slunku, tak\u017ee n\u011bjak\u00e1 barevnost jde stranou&#8230;. no p\u0159\u00ed\u0161t\u011b zas. \ud83d\ude42 (abyste v\u011bd\u011bli co za vlak, m\u00e1ti m\u011bla v ruk\u00e1c zrcadlovku a ml\u00e1tila to ze zem\u011b) &#8230; ale j\u00e1 se jednou tref\u00edm!<\/p>\n<p>&#8230; a stejn\u011b to byli podvodn\u00edci a vezli si na konci pro sichr diesela&#8230; asi jak kdy\u017e j\u00e1 podvodni\u010d\u00edm na svahu s motorem. Taky su r\u00e1d, kdy\u017e na n\u011bj nedojde, ale kdyby n\u00e1hodou&#8230; \ud83d\ude00<\/p>\n","protected":false},"excerpt":{"rendered":"<p>Kdybyste se cht\u011bli pod\u00edvat, jak to vypad\u00e1 kolem Moravy pod Otrokovicama&#8230; je mo\u017enost. S t\u00edm slibovan\u00fdm vlakem je to ale op\u011bt slab\u0161\u00ed. \ud83d\ude42<\/p>\n","protected":false},"author":3,"featured_media":0,"comment_status":"open","ping_status":"closed","sticky":false,"template":"","format":"standard","meta":{"footnotes":""},"categories":[7],"tags":[],"class_list":["post-5788","post","type-post","status-publish","format-standard","hentry","category-mimo"],"_links":{"self":[{"href":"https:\/\/mlz.frystacko.cz\/index.php?rest_route=\/wp\/v2\/posts\/5788","targetHints":{"allow":["GET"]}}],"collection":[{"href":"https:\/\/mlz.frystacko.cz\/index.php?rest_route=\/wp\/v2\/posts"}],"about":[{"href":"https:\/\/mlz.frystacko.cz\/index.php?rest_route=\/wp\/v2\/types\/post"}],"author":[{"embeddable":true,"href":"https:\/\/mlz.frystacko.cz\/index.php?rest_route=\/wp\/v2\/users\/3"}],"replies":[{"embeddable":true,"href":"https:\/\/mlz.frystacko.cz\/index.php?rest_route=%2Fwp%2Fv2%2Fcomments&post=5788"}],"version-history":[{"count":1,"href":"https:\/\/mlz.frystacko.cz\/index.php?rest_route=\/wp\/v2\/posts\/5788\/revisions"}],"predecessor-version":[{"id":5821,"href":"https:\/\/mlz.frystacko.cz\/index.php?rest_route=\/wp\/v2\/posts\/5788\/revisions\/5821"}],"wp:attachment":[{"href":"https:\/\/mlz.frystacko.cz\/index.php?rest_route=%2Fwp%2Fv2%2Fmedia&parent=5788"}],"wp:term":[{"taxonomy":"category","embeddable":true,"href":"https:\/\/mlz.frystacko.cz\/index.php?rest_route=%2Fwp%2Fv2%2Fcategories&post=5788"},{"taxonomy":"post_tag","embeddable":true,"href":"https:\/\/mlz.frystacko.cz\/index.php?rest_route=%2Fwp%2Fv2%2Ftags&post=5788"}],"curies":[{"name":"wp","href":"https:\/\/api.w.org\/{rel}","templated":true}]}}