{"id":5870,"date":"2013-09-30T19:59:53","date_gmt":"2013-09-30T17:59:53","guid":{"rendered":"https:\/\/mlz.frystacko.cz\/?p=5870"},"modified":"2018-10-09T22:44:44","modified_gmt":"2018-10-09T20:44:44","slug":"donovaly-podzimni","status":"publish","type":"post","link":"https:\/\/mlz.frystacko.cz\/?p=5870","title":{"rendered":"Donovaly&#8230;. podzimn\u00ed"},"content":{"rendered":"<p><img loading=\"lazy\" decoding=\"async\" class=\"alignleft size-thumbnail wp-image-5978\" src=\"https:\/\/mlz.frystacko.cz\/wp-uploads\/2013\/09\/29ned2_ixus_IMG_7521-100x75.jpg\" alt=\"29ned2_ixus_IMG_7521\" width=\"100\" height=\"75\" srcset=\"https:\/\/mlz.frystacko.cz\/wp-uploads\/2013\/09\/29ned2_ixus_IMG_7521-100x75.jpg 100w, https:\/\/mlz.frystacko.cz\/wp-uploads\/2013\/09\/29ned2_ixus_IMG_7521-267x200.jpg 267w, https:\/\/mlz.frystacko.cz\/wp-uploads\/2013\/09\/29ned2_ixus_IMG_7521-768x576.jpg 768w, https:\/\/mlz.frystacko.cz\/wp-uploads\/2013\/09\/29ned2_ixus_IMG_7521-1024x768.jpg 1024w, https:\/\/mlz.frystacko.cz\/wp-uploads\/2013\/09\/29ned2_ixus_IMG_7521.jpg 1600w\" sizes=\"auto, (max-width: 100px) 100vw, 100px\" \/>No&#8230; od l\u00e9ta n\u011bkte\u0159\u00ed souhlasn\u011b\u00a0 mumlali, \u017ee by se mohly d\u00e1t je\u0161t\u011b jednou Donovaly. Postupn\u011b se datum up\u0159esnilo a kdy\u017e p\u0159i\u0161lo na v\u011bc, nejel nikdo. Taky V\u00e1m tak.<\/p>\n<p><!--more--><\/p>\n<hr \/>\n<p>Cht\u011bl jsem tedy vz\u00edt na v\u00fdlet aspo\u0148 tat\u00edka, no p\u0159idal se kamar\u00e1d z Ostravice, tak\u017ee se k p\u0159eprav\u011b dostala taky maminka a do kufru pes. Ten si to u\u017eil asi nejv\u00edc.<\/p>\n<p>P\u0159edpov\u011b\u010f se ust\u00e1lila na &#8222;\u010dtvrtek pr\u0161et, zbytek slunko, m\u00e1lo foukat&#8220;&#8230; a vy\u0161lo to. Cestou n\u00e1m tedy vydatn\u011b lilo, ale v p\u00e1tek r\u00e1no n\u00e1s uv\u00edtala modr\u00e1 obloha. Proto\u017ee na podzim jezd\u00ed lanovka jen o v\u00edkendech, ud\u011blali sme si p\u011bkn\u00fd pocho\u010f\u00e1\u010dek&#8230; s Pavlem sme lezli po sjezdovce, na\u0161i se psem po \u010derven\u00e9. Pes i p\u0159es zdolan\u00e9 p\u0159ev\u00fd\u0161en\u00ed nelenil a sna\u017eil se dohnat kter\u00e9koliv letadlo, co bylo zrovna v dosahu&#8230; V tomto p\u0159\u00edpad\u011b je severn\u00ed strana v\u00fdhodn\u011bj\u0161\u00ed, \u017ee nem\u011bl kam zhu\u010det. Podle toho jak plazil jazyk sme ho dol\u00e9vali vodou, aby nelekl. \ud83d\ude42 Ve\u010der sme ho dotla\u010dili na pokoj a byl tam celou noc podez\u0159ele hodn\u00fd&#8230; Lanovka pro psa byl druh\u00fd den taky dobr\u00fd p\u0159eqap. No po nejist\u00e9m nastupov\u00e1n\u00ed (bez protest\u016f, jen s ch\u016fz\u00ed n\u00e1mo\u0159n\u00edka) si lehl pod sed\u00e1k a \u010du\u010del ven na tu hr\u016fzu. Naho\u0159e citeln\u011b o\u017eil, kdy\u017e zjistil, \u017ee &#8222;u\u017e&#8220; zase m\u016f\u017ee honit letadla a nemus\u00ed se drat hore hrbem. \ud83d\ude42<\/p>\n<p>S Pavlem sme si to \u0159\u00e1dn\u011b u\u017e\u00edvali. Z nudy jsem nalo\u017eil na proximu i kravku, aby si to u\u017eila taky. \ud83d\ude42 Chovala se vcelku aerodynamicky a vypadalo to spr\u00e1vn\u011b pitom\u011b. \ud83d\ude00<\/p>\n<p>A v ned\u011blu p\u0159i\u0161el zlat\u00fd h\u0159eb\u00edk do paty. Rann\u00ed kr\u00e1sn\u00e1 p\u0159\u00edzemn\u00ed mlha, v\u011btr oto\u010den\u00fd od jihu, m\u00edrn\u011b zes\u00edlil&#8230;. par\u00e1da. Ob\u010dasn\u00e9 mr\u00e1\u010dky byly v cca 300m, tak\u017ee spousta m\u00edsta. (Na\u0161i \u0161li se psem rad\u011bji na proch\u00e1zku, bo ze str\u017ee by tam sko\u010dil asi jen jednou&#8230;)<br \/>\nJedin\u00e1 chyba byla, \u017ee sme museli odjet brzo, tak\u017ee mi t\u011bch cca 100 minut nep\u0159etr\u017eit\u00e9ho met\u00e1n\u00ed kozelc\u016f (ixus dost\u00e1val dobrou sodu, bo se mi kv\u016fli n\u011bmu necht\u011blo sedat \ud83d\ude00 )\u00a0 muselo sta\u010dit.<\/p>\n<p>I nejsiln\u011bj\u0161\u00ed v\u011btr byl st\u00e1le v kategorii &#8222;zdechl\u00fd&#8220;, tak\u017ee ani Pavlovo houbo-ASW nem\u011blo probl\u00e9my. (nen\u00e1padn\u011b plaz\u00edm jazyk na majitele gamy nebo egeho&#8230; )<\/p>\n<p>Bor\u016fvky u\u017e nebyly, ale brusinkama sme se nacpali dost. (z\u00e1m\u00ednka, \u017ee jdu &#8222;oklikou&#8220; pro letadlo byla trapn\u011b pr\u016fhledn\u00e1&#8230;) M\u00edstn\u00ed nimrodi n\u00e1s trochu zklamali, kdy\u017e n\u00e1m ozn\u00e1mili, \u017ee maj\u00ed jeleni \u0159\u00edji, tak\u017ee to co sme celou dobu nad\u0161en\u011b poslouchali, nejsp\u00ed\u0161 nebyli medv\u011bdi. No co u\u017e. :-\/<\/p>\n<p>Lidi, jestli ste za to po\u010das\u00ed n\u011bkdo mohl, tak V\u00e1m moc d\u011bkuji. Opravdu se to vyda\u0159ilo. Na to, jak na podzim um\u00ed b\u00fdt \u0161kared\u011b, vy\u0161lo to par\u00e1dn\u011b. Tak t\u0159eba zase p\u0159\u00ed\u0161t\u00ed rok&#8230;<\/p>\n","protected":false},"excerpt":{"rendered":"<p>No&#8230; od l\u00e9ta n\u011bkte\u0159\u00ed souhlasn\u011b\u00a0 mumlali, \u017ee by se mohly d\u00e1t je\u0161t\u011b jednou Donovaly. Postupn\u011b se datum up\u0159esnilo a kdy\u017e p\u0159i\u0161lo na v\u011bc, nejel nikdo. Taky V\u00e1m tak.<\/p>\n","protected":false},"author":3,"featured_media":0,"comment_status":"open","ping_status":"closed","sticky":false,"template":"","format":"standard","meta":{"footnotes":""},"categories":[21],"tags":[],"class_list":["post-5870","post","type-post","status-publish","format-standard","hentry","category-svah"],"_links":{"self":[{"href":"https:\/\/mlz.frystacko.cz\/index.php?rest_route=\/wp\/v2\/posts\/5870","targetHints":{"allow":["GET"]}}],"collection":[{"href":"https:\/\/mlz.frystacko.cz\/index.php?rest_route=\/wp\/v2\/posts"}],"about":[{"href":"https:\/\/mlz.frystacko.cz\/index.php?rest_route=\/wp\/v2\/types\/post"}],"author":[{"embeddable":true,"href":"https:\/\/mlz.frystacko.cz\/index.php?rest_route=\/wp\/v2\/users\/3"}],"replies":[{"embeddable":true,"href":"https:\/\/mlz.frystacko.cz\/index.php?rest_route=%2Fwp%2Fv2%2Fcomments&post=5870"}],"version-history":[{"count":6,"href":"https:\/\/mlz.frystacko.cz\/index.php?rest_route=\/wp\/v2\/posts\/5870\/revisions"}],"predecessor-version":[{"id":27203,"href":"https:\/\/mlz.frystacko.cz\/index.php?rest_route=\/wp\/v2\/posts\/5870\/revisions\/27203"}],"wp:attachment":[{"href":"https:\/\/mlz.frystacko.cz\/index.php?rest_route=%2Fwp%2Fv2%2Fmedia&parent=5870"}],"wp:term":[{"taxonomy":"category","embeddable":true,"href":"https:\/\/mlz.frystacko.cz\/index.php?rest_route=%2Fwp%2Fv2%2Fcategories&post=5870"},{"taxonomy":"post_tag","embeddable":true,"href":"https:\/\/mlz.frystacko.cz\/index.php?rest_route=%2Fwp%2Fv2%2Ftags&post=5870"}],"curies":[{"name":"wp","href":"https:\/\/api.w.org\/{rel}","templated":true}]}}