{"id":6082,"date":"2013-10-08T10:28:29","date_gmt":"2013-10-08T08:28:29","guid":{"rendered":"https:\/\/mlz.frystacko.cz\/?p=6082"},"modified":"2013-10-12T23:06:36","modified_gmt":"2013-10-12T21:06:36","slug":"nedame-burta","status":"publish","type":"post","link":"https:\/\/mlz.frystacko.cz\/?p=6082","title":{"rendered":"Ned\u00e1me bu\u0159ta? (sledujte po\u010das)"},"content":{"rendered":"<p><img loading=\"lazy\" decoding=\"async\" class=\"alignleft size-thumbnail wp-image-5781\" alt=\"IMG_9514\" src=\"https:\/\/mlz.frystacko.cz\/wp-uploads\/2013\/09\/IMG_9514-100x66.jpg\" width=\"100\" height=\"66\" \/><\/p>\n<p>No&#8230;. l\u00e9to, potvora, n\u00e1m pomalu kon\u010d\u00ed, ve\u010dery jsou zase krat\u0161\u00ed a chladn\u011bj\u0161\u00ed. Jirka p\u0159i\u0161el s n\u00e1vrhem se sl\u00e9zt v sobotu na leti\u0161ti, dokud to je\u0161t\u011b jde&#8230;<!--more--><\/p>\n<p>P\u0159edpov\u011b\u010f &#8222;zat\u00edm&#8220; slibuje jen p\u0159eh\u00e1\u0148ky, tak\u017ee by to snad molhlo vyj\u00edt&#8230; no je to zat\u00edm daleko, lecos se m\u016f\u017ee zm\u011bnit.<\/p>\n<p>Pl\u00e1n je jasn\u00fd. Pol\u00e9tat, pokecat&#8230; a tradi\u010dn\u011b pomluvit nep\u0159\u00edtomn\u00e9 jak jen to p\u016fjde. Jirka op\u011bt p\u0159isl\u00edbil sv\u00e9 p\u0159enosn\u00e9 po\u017e\u00e1\u0159i\u0161t\u011b. Zkus\u00edm zase zajistit bu\u0159ta a chleba. P\u0159\u00edpadn\u00e9 dal\u0161\u00ed n\u00e1vrhy pi\u0161te t\u0159eba do koment\u00e1\u0159\u016f pod \u010dl\u00e1nek. (m\u00e1m &#8222;zase&#8220; opat\u0159it basu birela nebo u\u017e je na n\u011bho pozd\u011b\/zima?)<\/p>\n<p>Sl\u00e9zt se pl\u00e1nujeme v sobotu 12.10 kolem 9-10, po\u017e\u00e1r bude zp\u016fsoben pozd\u011bj.<\/p>\n<p>Proto\u017ee po\u010das nebude jist\u00fd, doporu\u010duji n\u011bco na zakryt\u00ed techniky. Tepl\u00e9 oble\u010den\u00ed jen ti, kdo se nec\u00edt\u00ed na tren\u00fdrky, jo? \ud83d\ude42<\/p>\n<p>V p\u0159\u00edpad\u011b extra hnusn\u00e9ho po\u010das\u00ed bude zde uveden n\u00e1hradn\u00ed term\u00edn nebo oznam o celkov\u00e9m zru\u0161en\u00ed.<\/p>\n<p><strong>Edit 12.10 09:24<\/strong> &#8211; Jdeme do toho. Mlha snad uhne (tu uz to tak pomalu vypada) Jedu pro chleba, po 10 tam budu&#8230;.<\/p>\n","protected":false},"excerpt":{"rendered":"<p>No&#8230;. l\u00e9to, potvora, n\u00e1m pomalu kon\u010d\u00ed, ve\u010dery jsou zase krat\u0161\u00ed a chladn\u011bj\u0161\u00ed. Jirka p\u0159i\u0161el s n\u00e1vrhem se sl\u00e9zt v sobotu na leti\u0161ti, dokud to je\u0161t\u011b jde&#8230;<\/p>\n","protected":false},"author":3,"featured_media":0,"comment_status":"open","ping_status":"closed","sticky":false,"template":"","format":"standard","meta":{"footnotes":""},"categories":[15],"tags":[],"class_list":["post-6082","post","type-post","status-publish","format-standard","hentry","category-domluva-na-letani"],"_links":{"self":[{"href":"https:\/\/mlz.frystacko.cz\/index.php?rest_route=\/wp\/v2\/posts\/6082","targetHints":{"allow":["GET"]}}],"collection":[{"href":"https:\/\/mlz.frystacko.cz\/index.php?rest_route=\/wp\/v2\/posts"}],"about":[{"href":"https:\/\/mlz.frystacko.cz\/index.php?rest_route=\/wp\/v2\/types\/post"}],"author":[{"embeddable":true,"href":"https:\/\/mlz.frystacko.cz\/index.php?rest_route=\/wp\/v2\/users\/3"}],"replies":[{"embeddable":true,"href":"https:\/\/mlz.frystacko.cz\/index.php?rest_route=%2Fwp%2Fv2%2Fcomments&post=6082"}],"version-history":[{"count":7,"href":"https:\/\/mlz.frystacko.cz\/index.php?rest_route=\/wp\/v2\/posts\/6082\/revisions"}],"predecessor-version":[{"id":6127,"href":"https:\/\/mlz.frystacko.cz\/index.php?rest_route=\/wp\/v2\/posts\/6082\/revisions\/6127"}],"wp:attachment":[{"href":"https:\/\/mlz.frystacko.cz\/index.php?rest_route=%2Fwp%2Fv2%2Fmedia&parent=6082"}],"wp:term":[{"taxonomy":"category","embeddable":true,"href":"https:\/\/mlz.frystacko.cz\/index.php?rest_route=%2Fwp%2Fv2%2Fcategories&post=6082"},{"taxonomy":"post_tag","embeddable":true,"href":"https:\/\/mlz.frystacko.cz\/index.php?rest_route=%2Fwp%2Fv2%2Ftags&post=6082"}],"curies":[{"name":"wp","href":"https:\/\/api.w.org\/{rel}","templated":true}]}}