{"id":6849,"date":"2014-01-29T06:00:57","date_gmt":"2014-01-29T05:00:57","guid":{"rendered":"https:\/\/mlz.frystacko.cz\/?p=6849"},"modified":"2014-03-07T15:56:55","modified_gmt":"2014-03-07T14:56:55","slug":"vizovice-rc-letiste-na-kopci","status":"publish","type":"post","link":"https:\/\/mlz.frystacko.cz\/?p=6849","title":{"rendered":"Vizovice &#8211; RC leti\u0161t\u011b na kopci"},"content":{"rendered":"<p><a href=\"https:\/\/mlz.frystacko.cz\/wp-uploads\/2014\/01\/IMG_0167_res1200_Vizovice.jpg\"><img loading=\"lazy\" decoding=\"async\" class=\"alignleft size-thumbnail wp-image-6859\" alt=\"RC leti\u0161t\u011b Vizovice\" src=\"https:\/\/mlz.frystacko.cz\/wp-uploads\/2014\/01\/IMG_0167_res1200_Vizovice-100x75.jpg\" width=\"100\" height=\"75\" srcset=\"https:\/\/mlz.frystacko.cz\/wp-uploads\/2014\/01\/IMG_0167_res1200_Vizovice-100x75.jpg 100w, https:\/\/mlz.frystacko.cz\/wp-uploads\/2014\/01\/IMG_0167_res1200_Vizovice-267x200.jpg 267w, https:\/\/mlz.frystacko.cz\/wp-uploads\/2014\/01\/IMG_0167_res1200_Vizovice-768x576.jpg 768w, https:\/\/mlz.frystacko.cz\/wp-uploads\/2014\/01\/IMG_0167_res1200_Vizovice-1024x768.jpg 1024w, https:\/\/mlz.frystacko.cz\/wp-uploads\/2014\/01\/IMG_0167_res1200_Vizovice.jpg 1200w\" sizes=\"auto, (max-width: 100px) 100vw, 100px\" \/><\/a>V seri\u00e1lu o l\u00e9t\u00e1n\u00ed na kopc\u00edch s v\u00fdhledem do krajiny (nikoliv svahov\u00e9 l\u00e9t\u00e1n\u00ed) jsem s\u00e1hl do star\u0161\u00edch fotek. No, star\u0161\u00edch, jenom kv\u011bten 2013.<\/p>\n<p><!--more-->Ve Vizovic\u00edch na model\u00e1\u0159sk\u00e9m jsem l\u00e9tal &#8222;u\u017e 2x&#8220;. Po prvn\u00edm l\u00e9t\u00e1n\u00ed jsem kontaktoval Karla Kostku, kter\u00fd je m\u00edstn\u00ed model\u00e1\u0159, \u017ee jsem na leti\u0161ti byl a aby v\u011bd\u011bl co se tam d\u011blo. M\u011bl pro m\u011b velk\u00e9 pochopen\u00ed (jsem za\u010d\u00ednaj\u00edc\u00ed za\u010d\u00e1te\u010dn\u00edk) a dovolil mi, \u017ee si zde m\u016f\u017eu p\u0159\u00edle\u017eitostn\u011b zal\u00e9tat. R\u00e1d jsem to tedy vyu\u017eil a dal jsem v r.2013 2 lety \ud83d\ude42 \u010cast\u011bji jsem s letadlem kolem nem\u011bl cestu. Prost\u0159ed\u00ed je to n\u00e1dhern\u00e9 a op\u011bt s n\u00e1dhern\u00fdm v\u00fdhledem. V\u0161ak na fotk\u00e1ch se m\u016f\u017eete p\u0159esv\u011bd\u010dit sami &#8230;. nebo p\u0159\u00edmo na m\u00edst\u011b.<\/p>\n","protected":false},"excerpt":{"rendered":"<p>V seri\u00e1lu o l\u00e9t\u00e1n\u00ed na kopc\u00edch s v\u00fdhledem do krajiny (nikoliv svahov\u00e9 l\u00e9t\u00e1n\u00ed) jsem s\u00e1hl do star\u0161\u00edch fotek. No, star\u0161\u00edch, jenom kv\u011bten 2013.<\/p>\n","protected":false},"author":13,"featured_media":0,"comment_status":"open","ping_status":"closed","sticky":false,"template":"","format":"standard","meta":{"footnotes":""},"categories":[7],"tags":[],"class_list":["post-6849","post","type-post","status-publish","format-standard","hentry","category-mimo"],"_links":{"self":[{"href":"https:\/\/mlz.frystacko.cz\/index.php?rest_route=\/wp\/v2\/posts\/6849","targetHints":{"allow":["GET"]}}],"collection":[{"href":"https:\/\/mlz.frystacko.cz\/index.php?rest_route=\/wp\/v2\/posts"}],"about":[{"href":"https:\/\/mlz.frystacko.cz\/index.php?rest_route=\/wp\/v2\/types\/post"}],"author":[{"embeddable":true,"href":"https:\/\/mlz.frystacko.cz\/index.php?rest_route=\/wp\/v2\/users\/13"}],"replies":[{"embeddable":true,"href":"https:\/\/mlz.frystacko.cz\/index.php?rest_route=%2Fwp%2Fv2%2Fcomments&post=6849"}],"version-history":[{"count":3,"href":"https:\/\/mlz.frystacko.cz\/index.php?rest_route=\/wp\/v2\/posts\/6849\/revisions"}],"predecessor-version":[{"id":7217,"href":"https:\/\/mlz.frystacko.cz\/index.php?rest_route=\/wp\/v2\/posts\/6849\/revisions\/7217"}],"wp:attachment":[{"href":"https:\/\/mlz.frystacko.cz\/index.php?rest_route=%2Fwp%2Fv2%2Fmedia&parent=6849"}],"wp:term":[{"taxonomy":"category","embeddable":true,"href":"https:\/\/mlz.frystacko.cz\/index.php?rest_route=%2Fwp%2Fv2%2Fcategories&post=6849"},{"taxonomy":"post_tag","embeddable":true,"href":"https:\/\/mlz.frystacko.cz\/index.php?rest_route=%2Fwp%2Fv2%2Ftags&post=6849"}],"curies":[{"name":"wp","href":"https:\/\/api.w.org\/{rel}","templated":true}]}}